{"id":19594,"date":"2024-12-04T13:57:23","date_gmt":"2024-12-04T12:57:23","guid":{"rendered":"https:\/\/corporate.autobiz.com\/?p=19594"},"modified":"2024-12-04T13:58:16","modified_gmt":"2024-12-04T12:58:16","slug":"mitsubishi-elege-a-autobiz-para-digitalizar-a-jornada-online-de-avaliacao-de-retoma","status":"publish","type":"post","link":"https:\/\/corporate.autobiz.com\/pt-pt\/comunicado-de-imprensa-pt-pt\/mitsubishi-elege-a-autobiz-para-digitalizar-a-jornada-online-de-avaliacao-de-retoma\/","title":{"rendered":"Mitsubishi elege a autobiz para digitalizar a jornada online de avalia\u00e7\u00e3o de retoma"},"content":{"rendered":"\t\t<div data-elementor-type=\"wp-post\" data-elementor-id=\"19594\" class=\"elementor elementor-19594\" data-elementor-post-type=\"post\">\n\t\t\t\t\t\t<section class=\"elementor-section elementor-top-section elementor-element elementor-element-1fe84c87 elementor-hidden-mobile elementor-section-boxed elementor-section-height-default elementor-section-height-default\" data-id=\"1fe84c87\" data-element_type=\"section\" data-settings=\"{&quot;jet_parallax_layout_list&quot;:[]}\">\n\t\t\t\t\t\t<div class=\"elementor-container elementor-column-gap-default\">\n\t\t\t\t\t<div class=\"elementor-column elementor-col-100 elementor-top-column elementor-element elementor-element-6dc3245b\" data-id=\"6dc3245b\" data-element_type=\"column\">\n\t\t\t<div class=\"elementor-widget-wrap elementor-element-populated\">\n\t\t\t\t\t\t<div class=\"elementor-element elementor-element-5552fafd elementor-widget elementor-widget-breadcrumbs\" data-id=\"5552fafd\" data-element_type=\"widget\" data-widget_type=\"breadcrumbs.default\">\n\t\t\t\t<div class=\"elementor-widget-container\">\n\t\t\t\t\t<p id=\"breadcrumbs\"><span><span><a href=\"https:\/\/corporate.autobiz.com\/pt-pt\/\">In\u00edcio<\/a><\/span><\/span><\/p>\t\t\t\t<\/div>\n\t\t\t\t<\/div>\n\t\t\t\t\t<\/div>\n\t\t<\/div>\n\t\t\t\t\t<\/div>\n\t\t<\/section>\n\t\t\t\t<section class=\"elementor-section elementor-top-section elementor-element elementor-element-2702c5dd elementor-section-boxed elementor-section-height-default elementor-section-height-default\" data-id=\"2702c5dd\" data-element_type=\"section\" data-settings=\"{&quot;jet_parallax_layout_list&quot;:[]}\">\n\t\t\t\t\t\t<div class=\"elementor-container elementor-column-gap-default\">\n\t\t\t\t\t<div class=\"elementor-column elementor-col-100 elementor-top-column elementor-element elementor-element-29d8d633\" data-id=\"29d8d633\" data-element_type=\"column\">\n\t\t\t<div class=\"elementor-widget-wrap elementor-element-populated\">\n\t\t\t\t\t\t<div class=\"elementor-element elementor-element-5b8ffa26 elementor-widget elementor-widget-text-editor\" data-id=\"5b8ffa26\" data-element_type=\"widget\" data-widget_type=\"text-editor.default\">\n\t\t\t\t<div class=\"elementor-widget-container\">\n\t\t\t\t\t\t\t\t\t4 de Dezembro, 2024\t\t\t\t\t\t\t\t<\/div>\n\t\t\t\t<\/div>\n\t\t\t\t<div class=\"elementor-element elementor-element-684091f0 elementor-widget__width-initial elementor-widget elementor-widget-heading\" data-id=\"684091f0\" data-element_type=\"widget\" data-widget_type=\"heading.default\">\n\t\t\t\t<div class=\"elementor-widget-container\">\n\t\t\t\t\t<h1 class=\"elementor-heading-title elementor-size-default\">Mitsubishi elege a autobiz para digitalizar a jornada online de avalia\u00e7\u00e3o de retoma<\/h1>\t\t\t\t<\/div>\n\t\t\t\t<\/div>\n\t\t\t\t\t<\/div>\n\t\t<\/div>\n\t\t\t\t\t<\/div>\n\t\t<\/section>\n\t\t\t\t<section class=\"elementor-section elementor-top-section elementor-element elementor-element-7b063ed elementor-section-content-middle elementor-section-boxed elementor-section-height-default elementor-section-height-default\" data-id=\"7b063ed\" data-element_type=\"section\" data-settings=\"{&quot;jet_parallax_layout_list&quot;:[],&quot;background_background&quot;:&quot;classic&quot;}\">\n\t\t\t\t\t\t<div class=\"elementor-container elementor-column-gap-default\">\n\t\t\t\t\t<div class=\"elementor-column elementor-col-100 elementor-top-column elementor-element elementor-element-46ad2cbd\" data-id=\"46ad2cbd\" data-element_type=\"column\">\n\t\t\t<div class=\"elementor-widget-wrap elementor-element-populated\">\n\t\t\t\t\t\t<div class=\"elementor-element elementor-element-24d36c6c elementor-widget__width-initial elementor-widget elementor-widget-text-editor\" data-id=\"24d36c6c\" data-element_type=\"widget\" data-widget_type=\"text-editor.default\">\n\t\t\t\t<div class=\"elementor-widget-container\">\n\t\t\t\t\t\t\t\t\t<p><strong>A Mitsubishi confiou \u00e0 autobiz a cria\u00e7\u00e3o do seu servi\u00e7o de avalia\u00e7\u00e3o de retoma online. Enquanto a marca japonesa relan\u00e7a os seus modelos ic\u00f3nicos, como o ASX e o Outlander, o fabricante de autom\u00f3veis est\u00e1 a expandir a sua gama de servi\u00e7os online. Os clientes podem agora desfrutar de uma jornada de avalia\u00e7\u00e3o 100% digitalizada com total confian\u00e7a.<\/strong><\/p>\t\t\t\t\t\t\t\t<\/div>\n\t\t\t\t<\/div>\n\t\t\t\t<div class=\"elementor-element elementor-element-11a1fde0 elementor-widget-divider--view-line elementor-widget elementor-widget-divider\" data-id=\"11a1fde0\" data-element_type=\"widget\" data-widget_type=\"divider.default\">\n\t\t\t\t<div class=\"elementor-widget-container\">\n\t\t\t\t\t\t\t<div class=\"elementor-divider\">\n\t\t\t<span class=\"elementor-divider-separator\">\n\t\t\t\t\t\t<\/span>\n\t\t<\/div>\n\t\t\t\t\t\t<\/div>\n\t\t\t\t<\/div>\n\t\t\t\t\t<\/div>\n\t\t<\/div>\n\t\t\t\t\t<\/div>\n\t\t<\/section>\n\t\t\t\t<section class=\"elementor-section elementor-top-section elementor-element elementor-element-6a4920e5 elementor-section-boxed elementor-section-height-default elementor-section-height-default\" data-id=\"6a4920e5\" data-element_type=\"section\" data-settings=\"{&quot;jet_parallax_layout_list&quot;:[]}\">\n\t\t\t\t\t\t<div class=\"elementor-container elementor-column-gap-default\">\n\t\t\t\t\t<div class=\"elementor-column elementor-col-100 elementor-top-column elementor-element elementor-element-28130cb3\" data-id=\"28130cb3\" data-element_type=\"column\">\n\t\t\t<div class=\"elementor-widget-wrap elementor-element-populated\">\n\t\t\t\t\t\t<div class=\"elementor-element elementor-element-3d0e740 elementor-widget elementor-widget-heading\" data-id=\"3d0e740\" data-element_type=\"widget\" data-widget_type=\"heading.default\">\n\t\t\t\t<div class=\"elementor-widget-container\">\n\t\t\t\t\t<h4 class=\"elementor-heading-title elementor-size-default\">A escolha da \u201cfiabilidade\u201d e \u201csimplicidade\u201d para o utilizador<\/h4>\t\t\t\t<\/div>\n\t\t\t\t<\/div>\n\t\t\t\t<div class=\"elementor-element elementor-element-15f0c70 elementor-widget elementor-widget-text-editor\" data-id=\"15f0c70\" data-element_type=\"widget\" data-widget_type=\"text-editor.default\">\n\t\t\t\t<div class=\"elementor-widget-container\">\n\t\t\t\t\t\t\t\t\t<p>As equipas da Mitsubishi pretendiam oferecer aos seus clientes um percurso de avalia\u00e7\u00e3o de retoma 100% digitalizado, simples e fi\u00e1vel. Estes objetivos foram cumpridos com sucesso pela autobiz, especialista h\u00e1 20 anos em dados e avalia\u00e7\u00e3o autom\u00f3vel.<\/p><p>Lan\u00e7ado em junho, o projeto foi implementado em menos de quatro meses e a ferramenta estar\u00e1 acess\u00edvel desde setembro de 2024.<\/p><p>Esta plataforma de retoma completa a gama de funcionalidades digitais j\u00e1 dispon\u00edveis no Website da marca. Est\u00e1 alinhada com o plano estrat\u00e9gico anunciado h\u00e1 alguns meses por Pierre Guignot, Presidente da Mitsubishi Motors France, cuja prioridade n\u00famero 1 \u00e9 \u201c<strong>re-envolver a rede de concession\u00e1rios na presta\u00e7\u00e3o de servi\u00e7os aos seus clientes<\/strong>\u201d.<\/p>\t\t\t\t\t\t\t\t<\/div>\n\t\t\t\t<\/div>\n\t\t\t\t\t<\/div>\n\t\t<\/div>\n\t\t\t\t\t<\/div>\n\t\t<\/section>\n\t\t\t\t<section class=\"elementor-section elementor-inner-section elementor-element elementor-element-509f18d0 elementor-section-boxed elementor-section-height-default elementor-section-height-default\" data-id=\"509f18d0\" data-element_type=\"section\" data-settings=\"{&quot;jet_parallax_layout_list&quot;:[]}\">\n\t\t\t\t\t\t<div class=\"elementor-container elementor-column-gap-default\">\n\t\t\t\t\t<div class=\"elementor-column elementor-col-50 elementor-inner-column elementor-element elementor-element-777ae5c6\" data-id=\"777ae5c6\" data-element_type=\"column\">\n\t\t\t<div class=\"elementor-widget-wrap elementor-element-populated\">\n\t\t\t\t\t\t<div class=\"elementor-element elementor-element-63014109 elementor-widget elementor-widget-image\" data-id=\"63014109\" data-element_type=\"widget\" data-widget_type=\"image.default\">\n\t\t\t\t<div class=\"elementor-widget-container\">\n\t\t\t\t\t\t\t\t\t\t\t\t\t\t\t<img decoding=\"async\" width=\"50\" height=\"35\" src=\"https:\/\/corporate.autobiz.com\/wp-content\/uploads\/2022\/07\/testi.svg\" class=\"attachment-large size-large wp-image-1505\" alt=\"\" \/>\t\t\t\t\t\t\t\t\t\t\t\t\t\t\t<\/div>\n\t\t\t\t<\/div>\n\t\t\t\t\t<\/div>\n\t\t<\/div>\n\t\t\t\t<div class=\"elementor-column elementor-col-50 elementor-inner-column elementor-element elementor-element-6b4f6b36\" data-id=\"6b4f6b36\" data-element_type=\"column\">\n\t\t\t<div class=\"elementor-widget-wrap elementor-element-populated\">\n\t\t\t\t\t\t<div class=\"elementor-element elementor-element-54095e68 elementor-widget elementor-widget-text-editor\" data-id=\"54095e68\" data-element_type=\"widget\" data-widget_type=\"text-editor.default\">\n\t\t\t\t<div class=\"elementor-widget-container\">\n\t\t\t\t\t\t\t\t\t<blockquote><p><strong><span lang=\"EN-US\" style=\"font-size: 18pt; line-height: 107%; font-family: Calibri, sans-serif;\">\u00ab Esta nova plataforma de retoma representa uma verdadeira oportunidade para a nossa marca. Por um lado, oferecemos agora aos clientes toda a gama de servi\u00e7os online que esperam. Por outro lado, o processo de retoma digitalizado est\u00e1 em conformidade com os nossos objetivos de rentabilidade. Este servi\u00e7o desempenhar\u00e1 posteriormente um papel fundamental no lan\u00e7amento do nosso modelo emblem\u00e1tico Outlander. <\/span><\/strong><b><span style=\"font-family: Calibri, sans-serif; font-size: 18pt; font-style: italic;\">\u00bb<\/span><\/b><\/p><\/blockquote>\t\t\t\t\t\t\t\t<\/div>\n\t\t\t\t<\/div>\n\t\t\t\t<div class=\"elementor-element elementor-element-55b16810 elementor-widget elementor-widget-text-editor\" data-id=\"55b16810\" data-element_type=\"widget\" data-widget_type=\"text-editor.default\">\n\t\t\t\t<div class=\"elementor-widget-container\">\n\t\t\t\t\t\t\t\t\t<p>Val\u00e9rie Rzasnicki Audouin, Diretora de Marketing da Mitsubishi Motors France<\/p>\t\t\t\t\t\t\t\t<\/div>\n\t\t\t\t<\/div>\n\t\t\t\t\t<\/div>\n\t\t<\/div>\n\t\t\t\t\t<\/div>\n\t\t<\/section>\n\t\t<div class=\"elementor-element elementor-element-36fdf2b e-flex e-con-boxed e-con e-parent\" data-id=\"36fdf2b\" data-element_type=\"container\" data-settings=\"{&quot;jet_parallax_layout_list&quot;:[]}\">\n\t\t\t\t\t<div class=\"e-con-inner\">\n\t\t\t\t<div class=\"elementor-element elementor-element-499a24a elementor-widget elementor-widget-heading\" data-id=\"499a24a\" data-element_type=\"widget\" data-widget_type=\"heading.default\">\n\t\t\t\t<div class=\"elementor-widget-container\">\n\t\t\t\t\t<h4 class=\"elementor-heading-title elementor-size-default\">autobiz's know-how faz a diferen\u00e7a mais uma vez<\/h4>\t\t\t\t<\/div>\n\t\t\t\t<\/div>\n\t\t\t\t\t<\/div>\n\t\t\t\t<\/div>\n\t\t<div class=\"elementor-element elementor-element-5a8a8e7 e-flex e-con-boxed e-con e-parent\" data-id=\"5a8a8e7\" data-element_type=\"container\" data-settings=\"{&quot;jet_parallax_layout_list&quot;:[]}\">\n\t\t\t\t\t<div class=\"e-con-inner\">\n\t\t\t\t<div class=\"elementor-element elementor-element-0f1b02e elementor-widget elementor-widget-text-editor\" data-id=\"0f1b02e\" data-element_type=\"widget\" data-widget_type=\"text-editor.default\">\n\t\t\t\t<div class=\"elementor-widget-container\">\n\t\t\t\t\t\t\t\t\t<p>A Mitsubishi \u00e9 o sexto construtor autom\u00f3vel a confiar \u00e0 autobiz o seu servi\u00e7o de retoma online. Gra\u00e7as \u00e0 sua experi\u00eancia em dados, avalia\u00e7\u00f5es de ve\u00edculos usados e an\u00e1lise de mercado em tempo real, a autobiz provou mais uma vez ser a melhor escolha para satisfazer as expectativas do fabricante japon\u00eas.<\/p><p>Para al\u00e9m das suas divis\u00f5es \u201c<em>Data<\/em>\u201d e \u201c<em>Remarketing<\/em>\u201d, a atividade \u201cDigital\u201d da autobiz regista igualmente um crescimento significativo. A empresa responde \u00e0 forte procura dos construtores autom\u00f3veis e dos concession\u00e1rios que procuram digitalizar ainda mais os seus processos de retoma e proporcionar uma experi\u00eancia otimizada ao cliente, cada vez mais centrada no imediatismo e na simplicidade.<\/p>\t\t\t\t\t\t\t\t<\/div>\n\t\t\t\t<\/div>\n\t\t\t\t\t<\/div>\n\t\t\t\t<\/div>\n\t\t\t\t<section class=\"elementor-section elementor-inner-section elementor-element elementor-element-5f109f59 elementor-section-boxed elementor-section-height-default elementor-section-height-default\" data-id=\"5f109f59\" data-element_type=\"section\" data-settings=\"{&quot;jet_parallax_layout_list&quot;:[]}\">\n\t\t\t\t\t\t<div class=\"elementor-container elementor-column-gap-default\">\n\t\t\t\t\t<div class=\"elementor-column elementor-col-50 elementor-inner-column elementor-element elementor-element-5a58c0b\" data-id=\"5a58c0b\" data-element_type=\"column\">\n\t\t\t<div class=\"elementor-widget-wrap elementor-element-populated\">\n\t\t\t\t\t\t<div class=\"elementor-element elementor-element-1b27b3e8 elementor-widget elementor-widget-image\" data-id=\"1b27b3e8\" data-element_type=\"widget\" data-widget_type=\"image.default\">\n\t\t\t\t<div class=\"elementor-widget-container\">\n\t\t\t\t\t\t\t\t\t\t\t\t\t\t\t<img decoding=\"async\" width=\"50\" height=\"35\" src=\"https:\/\/corporate.autobiz.com\/wp-content\/uploads\/2022\/07\/testi.svg\" class=\"attachment-large size-large wp-image-1505\" alt=\"\" \/>\t\t\t\t\t\t\t\t\t\t\t\t\t\t\t<\/div>\n\t\t\t\t<\/div>\n\t\t\t\t\t<\/div>\n\t\t<\/div>\n\t\t\t\t<div class=\"elementor-column elementor-col-50 elementor-inner-column elementor-element elementor-element-61b5d620\" data-id=\"61b5d620\" data-element_type=\"column\">\n\t\t\t<div class=\"elementor-widget-wrap elementor-element-populated\">\n\t\t\t\t\t\t<div class=\"elementor-element elementor-element-11a3b389 elementor-widget elementor-widget-text-editor\" data-id=\"11a3b389\" data-element_type=\"widget\" data-widget_type=\"text-editor.default\">\n\t\t\t\t<div class=\"elementor-widget-container\">\n\t\t\t\t\t\t\t\t\t<p><strong>&#8220;\u00c9 a primeira vez que trabalhamos em conjunto com a Mitsubishi. Sentimo-nos honrados com a sua confian\u00e7a e com o papel que nos atribu\u00edram no seu ambicioso plano de conquista do mercado franc\u00eas. Juntamente com os nossos cinco outros clientes do sector autom\u00f3vel ativos em Fran\u00e7a, este novo contrato real\u00e7a a experi\u00eancia das nossas equipas de produto e desenvolvimento na cria\u00e7\u00e3o de percursos em linha que s\u00e3o simples, fi\u00e1veis e f\u00e1ceis de implementar.<\/strong><\/p><p><strong>Quero tamb\u00e9m aproveitar esta oportunidade para elogiar a experi\u00eancia e o trabalho das nossas equipas Digital e de Satisfa\u00e7\u00e3o do Cliente, que transformam as muitas oportunidades geradas numa fonte muito significativa de aquisi\u00e7\u00f5es de novos ve\u00edculos e de fideliza\u00e7\u00e3o de clientes.&#8221;<\/strong><\/p>\t\t\t\t\t\t\t\t<\/div>\n\t\t\t\t<\/div>\n\t\t\t\t<div class=\"elementor-element elementor-element-104740bc elementor-widget elementor-widget-text-editor\" data-id=\"104740bc\" data-element_type=\"widget\" data-widget_type=\"text-editor.default\">\n\t\t\t\t<div class=\"elementor-widget-container\">\n\t\t\t\t\t\t\t\t\t<p>Emmanuel Labi, Presidente da autobiz.<\/p>\t\t\t\t\t\t\t\t<\/div>\n\t\t\t\t<\/div>\n\t\t\t\t\t<\/div>\n\t\t<\/div>\n\t\t\t\t\t<\/div>\n\t\t<\/section>\n\t\t\t\t<section class=\"elementor-section elementor-top-section elementor-element elementor-element-97782b9 elementor-section-boxed elementor-section-height-default elementor-section-height-default\" data-id=\"97782b9\" data-element_type=\"section\" data-settings=\"{&quot;jet_parallax_layout_list&quot;:[]}\">\n\t\t\t\t\t\t<div class=\"elementor-container elementor-column-gap-default\">\n\t\t\t\t\t<div class=\"elementor-column elementor-col-100 elementor-top-column elementor-element elementor-element-1b91c9aa\" data-id=\"1b91c9aa\" data-element_type=\"column\">\n\t\t\t<div class=\"elementor-widget-wrap elementor-element-populated\">\n\t\t\t\t\t\t<div class=\"elementor-element elementor-element-6f0ca8ba elementor-widget elementor-widget-heading\" data-id=\"6f0ca8ba\" data-element_type=\"widget\" data-widget_type=\"heading.default\">\n\t\t\t\t<div class=\"elementor-widget-container\">\n\t\t\t\t\t<h4 class=\"elementor-heading-title elementor-size-default\">Sobre o autobiz<\/h4>\t\t\t\t<\/div>\n\t\t\t\t<\/div>\n\t\t\t\t<div class=\"elementor-element elementor-element-2dd94534 elementor-widget elementor-widget-text-editor\" data-id=\"2dd94534\" data-element_type=\"widget\" data-widget_type=\"text-editor.default\">\n\t\t\t\t<div class=\"elementor-widget-container\">\n\t\t\t\t\t\t\t\t\t<p><em>Desde 2004, a autobiz tem vindo a apoiar todos os intervenientes europeus da ind\u00fastria autom\u00f3vel com solu\u00e7\u00f5es de dados de ve\u00edculos usados e de retoma. Os seus 320 colaboradores melhoram todos os dias os conhecimentos \u00fanicos da empresa, baseados em 20 anos de hist\u00f3ria de dados de autom\u00f3veis usados, bem como em conhecimentos operacionais de web, software, tecnologia e do sector dos autom\u00f3veis usados. A autobiz tem escrit\u00f3rios em Paris, Berlim, Val\u00eancia e Mil\u00e3o. A empresa trabalha com mais de 20 l\u00edderes do mercado de ve\u00edculos usados (fabricantes, bancos, empresas de leasing, leiloeiras&#8230;), bem como com 5000 pontos de venda em 22 pa\u00edses europeus.<\/em><\/p>\t\t\t\t\t\t\t\t<\/div>\n\t\t\t\t<\/div>\n\t\t\t\t\t<\/div>\n\t\t<\/div>\n\t\t\t\t\t<\/div>\n\t\t<\/section>\n\t\t\t\t<section class=\"elementor-section elementor-top-section elementor-element elementor-element-c5c347d elementor-section-boxed elementor-section-height-default elementor-section-height-default\" data-id=\"c5c347d\" data-element_type=\"section\" data-settings=\"{&quot;jet_parallax_layout_list&quot;:[]}\">\n\t\t\t\t\t\t<div class=\"elementor-container elementor-column-gap-default\">\n\t\t\t\t\t<div class=\"elementor-column elementor-col-100 elementor-top-column elementor-element elementor-element-ddf8b4f\" data-id=\"ddf8b4f\" data-element_type=\"column\">\n\t\t\t<div class=\"elementor-widget-wrap elementor-element-populated\">\n\t\t\t\t\t\t<div class=\"elementor-element elementor-element-2de9b51 elementor-widget-divider--view-line elementor-widget elementor-widget-divider\" data-id=\"2de9b51\" data-element_type=\"widget\" data-widget_type=\"divider.default\">\n\t\t\t\t<div class=\"elementor-widget-container\">\n\t\t\t\t\t\t\t<div class=\"elementor-divider\">\n\t\t\t<span class=\"elementor-divider-separator\">\n\t\t\t\t\t\t<\/span>\n\t\t<\/div>\n\t\t\t\t\t\t<\/div>\n\t\t\t\t<\/div>\n\t\t\t\t\t<\/div>\n\t\t<\/div>\n\t\t\t\t\t<\/div>\n\t\t<\/section>\n\t\t\t\t<section class=\"elementor-section elementor-top-section elementor-element elementor-element-2b586cb elementor-section-boxed elementor-section-height-default elementor-section-height-default\" data-id=\"2b586cb\" data-element_type=\"section\" data-settings=\"{&quot;jet_parallax_layout_list&quot;:[]}\">\n\t\t\t\t\t\t<div class=\"elementor-container elementor-column-gap-default\">\n\t\t\t\t\t<div class=\"elementor-column elementor-col-100 elementor-top-column elementor-element elementor-element-459684cd\" data-id=\"459684cd\" data-element_type=\"column\">\n\t\t\t<div class=\"elementor-widget-wrap elementor-element-populated\">\n\t\t\t\t\t\t<div class=\"elementor-element elementor-element-75865c04 elementor-widget elementor-widget-heading\" data-id=\"75865c04\" data-element_type=\"widget\" data-widget_type=\"heading.default\">\n\t\t\t\t<div class=\"elementor-widget-container\">\n\t\t\t\t\t<h2 class=\"elementor-heading-title elementor-size-default\">Leia tamb\u00e9m...<\/h2>\t\t\t\t<\/div>\n\t\t\t\t<\/div>\n\t\t\t\t<div class=\"elementor-element elementor-element-4616b419 communique-carousel overflow-h elementor-widget elementor-widget-jet-posts\" data-id=\"4616b419\" data-element_type=\"widget\" data-settings=\"{&quot;columns_tablet&quot;:&quot;2&quot;,&quot;columns_mobile&quot;:&quot;1&quot;,&quot;columns&quot;:3,&quot;slides_to_scroll&quot;:&quot;1&quot;}\" data-widget_type=\"jet-posts.default\">\n\t\t\t\t<div class=\"elementor-widget-container\">\n\t\t\t\t\t<div class=\"elementor-jet-posts jet-elements\"><div class=\"jet-carousel elementor-slick-slider\" data-slider_options=\"{&quot;autoplaySpeed&quot;:5000,&quot;autoplay&quot;:true,&quot;infinite&quot;:true,&quot;pauseOnHover&quot;:false,&quot;speed&quot;:500,&quot;arrows&quot;:true,&quot;dots&quot;:false,&quot;slidesToScroll&quot;:1,&quot;prevArrow&quot;:&quot;.jet-posts__prev-arrow-4616b419&quot;,&quot;nextArrow&quot;:&quot;.jet-posts__next-arrow-4616b419&quot;,&quot;rtl&quot;:false}\" dir=\"ltr\"><div class=\"jet-posts col-row  jet-equal-cols\"><div class=\"jet-posts__prev-arrow-4616b419 jet-arrow prev-arrow\"><i aria-hidden=\"true\" class=\"fas fa-angle-left\"><\/i><\/div><div class=\"jet-posts__next-arrow-4616b419 jet-arrow next-arrow\"><i aria-hidden=\"true\" class=\"fas fa-angle-right\"><\/i><\/div><div class=\"jet-posts__item\">\n\t<div class=\"jet-posts__inner-box\"><div class=\"jet-posts__inner-content\"><h4 class=\"entry-title\"><a href=\"https:\/\/corporate.autobiz.com\/pt-pt\/comunicado-de-imprensa-pt-pt\/a-point-s-escolheu-a-autobizmarket-para-equipar-toda-a-sua-rede-de-vendas-de-automoveis\/\" target=\"\">A Point S escolheu a autobizMarket para equipar toda a sua rede de vendas de autom\u00f3veis<\/a><\/h4><div class=\"post-meta\"><span class=\"post__date post-meta__item\"><a href=\"https:\/\/corporate.autobiz.com\/pt-pt\/2026\/04\/20\/\"  class=\"post__date-link\" ><time datetime=\"2026-04-20T17:01:24+02:00\" title=\"2026-04-20T17:01:24+02:00\">20 de Abril, 2026<\/time><\/a><\/span><\/div><div class=\"entry-excerpt\">A autobiz, l\u00edder europeia em solu\u00e7\u00f5es de avalia\u00e7\u00e3o e dados autom\u00f3veis para profissionais, anuncia a assinatura de uma parceria estrat\u00e9gica&hellip;<\/div><div class=\"jet-more-wrap\"><a href=\"https:\/\/corporate.autobiz.com\/pt-pt\/comunicado-de-imprensa-pt-pt\/a-point-s-escolheu-a-autobizmarket-para-equipar-toda-a-sua-rede-de-vendas-de-automoveis\/\" class=\"btn btn-primary elementor-button elementor-size-md jet-more\" target=\"\"><span class=\"btn__text\">Leia mais<\/span><span class=\"jet-elements-icon jet-more-icon\"><i aria-hidden=\"true\" class=\"fas fa-caret-right\"><\/i><\/span><\/a><\/div><\/div><\/div>\n<\/div>\n<div class=\"jet-posts__item\">\n\t<div class=\"jet-posts__inner-box\"><div class=\"jet-posts__inner-content\"><h4 class=\"entry-title\"><a href=\"https:\/\/corporate.autobiz.com\/pt-pt\/comunicado-de-imprensa-pt-pt\/autobizmarket-the-newest-version-of-the-local-best-market-valuation-tool-is-now-available-in-portugal-evolving-to-better-meet-users-needs\/\" target=\"\">Melhor ferramenta de avalia\u00e7\u00e3o do mercado, o autobizMarket est\u00e1 a evoluir para responder de forma ainda mais precisa \u00e0s necessidades dos seus utilizadores<\/a><\/h4><div class=\"post-meta\"><span class=\"post__date post-meta__item\"><a href=\"https:\/\/corporate.autobiz.com\/pt-pt\/2025\/10\/27\/\"  class=\"post__date-link\" ><time datetime=\"2025-10-27T09:05:32+01:00\" title=\"2025-10-27T09:05:32+01:00\">27 de Outubro, 2025<\/time><\/a><\/span><\/div><div class=\"entry-excerpt\">autobiz announces a major investment in R&amp;D to upgrade autobizMarket, one of the flagship solutions within the autobizOffice suite. The&hellip;<\/div><div class=\"jet-more-wrap\"><a href=\"https:\/\/corporate.autobiz.com\/pt-pt\/comunicado-de-imprensa-pt-pt\/autobizmarket-the-newest-version-of-the-local-best-market-valuation-tool-is-now-available-in-portugal-evolving-to-better-meet-users-needs\/\" class=\"btn btn-primary elementor-button elementor-size-md jet-more\" target=\"\"><span class=\"btn__text\">Leia mais<\/span><span class=\"jet-elements-icon jet-more-icon\"><i aria-hidden=\"true\" class=\"fas fa-caret-right\"><\/i><\/span><\/a><\/div><\/div><\/div>\n<\/div>\n<div class=\"jet-posts__item\">\n\t<div class=\"jet-posts__inner-box\"><div class=\"jet-posts__inner-content\"><h4 class=\"entry-title\"><a href=\"https:\/\/corporate.autobiz.com\/pt-pt\/comunicado-de-imprensa-pt-pt\/en-cours-de-test-avance-chez-stellantis-carcheck-ai-promet-de-faire-gagner-jusqua-3-semaines-lors-du-defleet-dun-vehicule-2\/\" target=\"\">Atualmente em testes avan\u00e7ados na Stellantis, o Carcheck.AI promete economizar at\u00e9 3 semanas durante o \"Defleet\" de um ve\u00edculo<\/a><\/h4><div class=\"post-meta\"><span class=\"post__date post-meta__item\"><a href=\"https:\/\/corporate.autobiz.com\/pt-pt\/2025\/10\/21\/\"  class=\"post__date-link\" ><time datetime=\"2025-10-21T09:00:00+02:00\" title=\"2025-10-21T09:00:00+02:00\">21 de Outubro, 2025<\/time><\/a><\/span><\/div><div class=\"entry-excerpt\">A autobiz est\u00e1 dando um novo passo em dire\u00e7\u00e3o \u00e0 inspe\u00e7\u00e3o automatizada e \u00e0 digitaliza\u00e7\u00e3o do remarketing. Baseada na solu\u00e7\u00e3o&hellip;<\/div><div class=\"jet-more-wrap\"><a href=\"https:\/\/corporate.autobiz.com\/pt-pt\/comunicado-de-imprensa-pt-pt\/en-cours-de-test-avance-chez-stellantis-carcheck-ai-promet-de-faire-gagner-jusqua-3-semaines-lors-du-defleet-dun-vehicule-2\/\" class=\"btn btn-primary elementor-button elementor-size-md jet-more\" target=\"\"><span class=\"btn__text\">Leia mais<\/span><span class=\"jet-elements-icon jet-more-icon\"><i aria-hidden=\"true\" class=\"fas fa-caret-right\"><\/i><\/span><\/a><\/div><\/div><\/div>\n<\/div>\n<div class=\"jet-posts__item\">\n\t<div class=\"jet-posts__inner-box\"><div class=\"jet-posts__inner-content\"><h4 class=\"entry-title\"><a href=\"https:\/\/corporate.autobiz.com\/pt-pt\/comunicado-de-imprensa-pt-pt\/atraves-da-sua-nova-parceria-europeia-com-a-jato-dynamics-a-autobiz-reforca-a-sua-colaboracao-com-o-europcar-mobility-group\/\" target=\"\">Atrav\u00e9s da sua nova parceria europeia com a JATO Dynamics, a autobiz refor\u00e7a a sua colabora\u00e7\u00e3o com o Europcar Mobility Group<\/a><\/h4><div class=\"post-meta\"><span class=\"post__date post-meta__item\"><a href=\"https:\/\/corporate.autobiz.com\/pt-pt\/2025\/06\/05\/\"  class=\"post__date-link\" ><time datetime=\"2025-06-05T13:36:45+02:00\" title=\"2025-06-05T13:36:45+02:00\">5 de Junho, 2025<\/time><\/a><\/span><\/div><div class=\"entry-excerpt\">A autobiz confirma a sua lideran\u00e7a no mercado da avalia\u00e7\u00e3o de ve\u00edculos usados com uma nova solu\u00e7\u00e3o de identifica\u00e7\u00e3o de&hellip;<\/div><div class=\"jet-more-wrap\"><a href=\"https:\/\/corporate.autobiz.com\/pt-pt\/comunicado-de-imprensa-pt-pt\/atraves-da-sua-nova-parceria-europeia-com-a-jato-dynamics-a-autobiz-reforca-a-sua-colaboracao-com-o-europcar-mobility-group\/\" class=\"btn btn-primary elementor-button elementor-size-md jet-more\" target=\"\"><span class=\"btn__text\">Leia mais<\/span><span class=\"jet-elements-icon jet-more-icon\"><i aria-hidden=\"true\" class=\"fas fa-caret-right\"><\/i><\/span><\/a><\/div><\/div><\/div>\n<\/div>\n<div class=\"jet-posts__item\">\n\t<div class=\"jet-posts__inner-box\"><div class=\"jet-posts__inner-content\"><h4 class=\"entry-title\"><a href=\"https:\/\/corporate.autobiz.com\/pt-pt\/comunicado-de-imprensa-pt-pt\/autobiz-revela-a-autobizdigital-solucoes-abrangentes-para-melhorar-as-vendas-omnicanal-de-automoveis-novos-e-usados\/\" target=\"\">autobiz revela a 'autobizDigital', solu\u00e7\u00f5es abrangentes para melhorar as vendas omnicanal de autom\u00f3veis novos e usados\u00a0\u00a0<\/a><\/h4><div class=\"post-meta\"><span class=\"post__date post-meta__item\"><a href=\"https:\/\/corporate.autobiz.com\/pt-pt\/2025\/01\/30\/\"  class=\"post__date-link\" ><time datetime=\"2025-01-30T14:10:14+01:00\" title=\"2025-01-30T14:10:14+01:00\">30 de Janeiro, 2025<\/time><\/a><\/span><\/div><div class=\"entry-excerpt\">A autobiz tem o prazer de anunciar o lan\u00e7amento do seu mais recente conjunto de solu\u00e7\u00f5es digitais concebidas para responder&hellip;<\/div><div class=\"jet-more-wrap\"><a href=\"https:\/\/corporate.autobiz.com\/pt-pt\/comunicado-de-imprensa-pt-pt\/autobiz-revela-a-autobizdigital-solucoes-abrangentes-para-melhorar-as-vendas-omnicanal-de-automoveis-novos-e-usados\/\" class=\"btn btn-primary elementor-button elementor-size-md jet-more\" target=\"\"><span class=\"btn__text\">Leia mais<\/span><span class=\"jet-elements-icon jet-more-icon\"><i aria-hidden=\"true\" class=\"fas fa-caret-right\"><\/i><\/span><\/a><\/div><\/div><\/div>\n<\/div>\n<div class=\"jet-posts__item\">\n\t<div class=\"jet-posts__inner-box\"><div class=\"jet-posts__inner-content\"><h4 class=\"entry-title\"><a href=\"https:\/\/corporate.autobiz.com\/pt-pt\/comunicado-de-imprensa-pt-pt\/piscapisca-integra-os-dados-da-autobiz-em-portugal\/\" target=\"\">PiscaPisca integra os dados da autobiz em Portugal<\/a><\/h4><div class=\"post-meta\"><span class=\"post__date post-meta__item\"><a href=\"https:\/\/corporate.autobiz.com\/pt-pt\/2025\/01\/21\/\"  class=\"post__date-link\" ><time datetime=\"2025-01-21T14:40:25+01:00\" title=\"2025-01-21T14:40:25+01:00\">21 de Janeiro, 2025<\/time><\/a><\/span><\/div><div class=\"entry-excerpt\">Desde junho de 2024, a autobiz tem apoiado o PiscaPisca, um player-chave no mercado de carros usados em Portugal. O&hellip;<\/div><div class=\"jet-more-wrap\"><a href=\"https:\/\/corporate.autobiz.com\/pt-pt\/comunicado-de-imprensa-pt-pt\/piscapisca-integra-os-dados-da-autobiz-em-portugal\/\" class=\"btn btn-primary elementor-button elementor-size-md jet-more\" target=\"\"><span class=\"btn__text\">Leia mais<\/span><span class=\"jet-elements-icon jet-more-icon\"><i aria-hidden=\"true\" class=\"fas fa-caret-right\"><\/i><\/span><\/a><\/div><\/div><\/div>\n<\/div>\n<\/div>\n<\/div><\/div>\t\t\t\t<\/div>\n\t\t\t\t<\/div>\n\t\t\t\t<div class=\"elementor-element elementor-element-7694bf6e elementor-align-center elementor-widget-mobile__width-initial elementor-widget elementor-widget-button\" data-id=\"7694bf6e\" data-element_type=\"widget\" data-widget_type=\"button.default\">\n\t\t\t\t<div class=\"elementor-widget-container\">\n\t\t\t\t\t\t\t\t\t<div class=\"elementor-button-wrapper\">\n\t\t\t\t\t<a class=\"elementor-button elementor-button-link elementor-size-sm\" href=\"https:\/\/corporate.autobiz.com\/pt-pt\/noticias\/\">\n\t\t\t\t\t\t<span class=\"elementor-button-content-wrapper\">\n\t\t\t\t\t\t\t\t\t<span class=\"elementor-button-text\">Todos os nossos comunicados de imprensa<\/span>\n\t\t\t\t\t<\/span>\n\t\t\t\t\t<\/a>\n\t\t\t\t<\/div>\n\t\t\t\t\t\t\t\t<\/div>\n\t\t\t\t<\/div>\n\t\t\t\t\t<\/div>\n\t\t<\/div>\n\t\t\t\t\t<\/div>\n\t\t<\/section>\n\t\t\t\t<\/div>\n\t\t","protected":false},"excerpt":{"rendered":"<p>A Mitsubishi confiou \u00e0 autobiz a cria\u00e7\u00e3o do seu servi\u00e7o de avalia\u00e7\u00e3o de retoma online. Enquanto a marca japonesa relan\u00e7a os seus modelos ic\u00f3nicos, como o ASX e o Outlander, o fabricante de autom\u00f3veis est\u00e1 a expandir a sua gama de servi\u00e7os online. Os clientes podem agora desfrutar de uma jornada de avalia\u00e7\u00e3o 100% digitalizada [&hellip;]<\/p>\n","protected":false},"author":12,"featured_media":0,"comment_status":"closed","ping_status":"closed","sticky":false,"template":"","format":"standard","meta":{"footnotes":""},"categories":[58],"tags":[],"class_list":["post-19594","post","type-post","status-publish","format-standard","hentry","category-comunicado-de-imprensa-pt-pt"],"yoast_head":"<!-- This site is optimized with the Yoast SEO plugin v27.5 - https:\/\/yoast.com\/product\/yoast-seo-wordpress\/ -->\n<title>Mitsubishi elege a autobiz para digitalizar a jornada online de avalia\u00e7\u00e3o de retoma - autobiz Corporate<\/title>\n<meta name=\"robots\" content=\"index, follow, max-snippet:-1, max-image-preview:large, max-video-preview:-1\" \/>\n<link rel=\"canonical\" href=\"https:\/\/corporate.autobiz.com\/pt-pt\/comunicado-de-imprensa-pt-pt\/mitsubishi-elege-a-autobiz-para-digitalizar-a-jornada-online-de-avaliacao-de-retoma\/\" \/>\n<meta property=\"og:locale\" content=\"pt_PT\" \/>\n<meta property=\"og:type\" content=\"article\" \/>\n<meta property=\"og:title\" content=\"Mitsubishi elege a autobiz para digitalizar a jornada online de avalia\u00e7\u00e3o de retoma - autobiz Corporate\" \/>\n<meta property=\"og:description\" content=\"A Mitsubishi confiou \u00e0 autobiz a cria\u00e7\u00e3o do seu servi\u00e7o de avalia\u00e7\u00e3o de retoma online. Enquanto a marca japonesa relan\u00e7a os seus modelos ic\u00f3nicos, como o ASX e o Outlander, o fabricante de autom\u00f3veis est\u00e1 a expandir a sua gama de servi\u00e7os online. Os clientes podem agora desfrutar de uma jornada de avalia\u00e7\u00e3o 100% digitalizada [&hellip;]\" \/>\n<meta property=\"og:url\" content=\"https:\/\/corporate.autobiz.com\/pt-pt\/comunicado-de-imprensa-pt-pt\/mitsubishi-elege-a-autobiz-para-digitalizar-a-jornada-online-de-avaliacao-de-retoma\/\" \/>\n<meta property=\"og:site_name\" content=\"autobiz Corporate\" \/>\n<meta property=\"article:published_time\" content=\"2024-12-04T12:57:23+00:00\" \/>\n<meta property=\"article:modified_time\" content=\"2024-12-04T12:58:16+00:00\" \/>\n<meta name=\"author\" content=\"Morgane\" \/>\n<meta name=\"twitter:card\" content=\"summary_large_image\" \/>\n<meta name=\"twitter:label1\" content=\"Escrito por\" \/>\n\t<meta name=\"twitter:data1\" content=\"Morgane\" \/>\n\t<meta name=\"twitter:label2\" content=\"Tempo estimado de leitura\" \/>\n\t<meta name=\"twitter:data2\" content=\"7 minutos\" \/>\n<script type=\"application\/ld+json\" class=\"yoast-schema-graph\">{\"@context\":\"https:\\\/\\\/schema.org\",\"@graph\":[{\"@type\":\"Article\",\"@id\":\"https:\\\/\\\/corporate.autobiz.com\\\/pt-pt\\\/comunicado-de-imprensa-pt-pt\\\/mitsubishi-elege-a-autobiz-para-digitalizar-a-jornada-online-de-avaliacao-de-retoma\\\/#article\",\"isPartOf\":{\"@id\":\"https:\\\/\\\/corporate.autobiz.com\\\/pt-pt\\\/comunicado-de-imprensa-pt-pt\\\/mitsubishi-elege-a-autobiz-para-digitalizar-a-jornada-online-de-avaliacao-de-retoma\\\/\"},\"author\":{\"name\":\"Morgane\",\"@id\":\"https:\\\/\\\/corporate.autobiz.com\\\/pt-pt\\\/#\\\/schema\\\/person\\\/485bc65fd8254553d07edeb3fabc42dd\"},\"headline\":\"Mitsubishi elege a autobiz para digitalizar a jornada online de avalia\u00e7\u00e3o de retoma\",\"datePublished\":\"2024-12-04T12:57:23+00:00\",\"dateModified\":\"2024-12-04T12:58:16+00:00\",\"mainEntityOfPage\":{\"@id\":\"https:\\\/\\\/corporate.autobiz.com\\\/pt-pt\\\/comunicado-de-imprensa-pt-pt\\\/mitsubishi-elege-a-autobiz-para-digitalizar-a-jornada-online-de-avaliacao-de-retoma\\\/\"},\"wordCount\":918,\"publisher\":{\"@id\":\"https:\\\/\\\/corporate.autobiz.com\\\/pt-pt\\\/#organization\"},\"image\":{\"@id\":\"https:\\\/\\\/corporate.autobiz.com\\\/pt-pt\\\/comunicado-de-imprensa-pt-pt\\\/mitsubishi-elege-a-autobiz-para-digitalizar-a-jornada-online-de-avaliacao-de-retoma\\\/#primaryimage\"},\"thumbnailUrl\":\"https:\\\/\\\/corporate.autobiz.com\\\/wp-content\\\/uploads\\\/2022\\\/07\\\/testi.svg\",\"articleSection\":[\"Comunicado de imprensa\"],\"inLanguage\":\"pt-PT\"},{\"@type\":\"WebPage\",\"@id\":\"https:\\\/\\\/corporate.autobiz.com\\\/pt-pt\\\/comunicado-de-imprensa-pt-pt\\\/mitsubishi-elege-a-autobiz-para-digitalizar-a-jornada-online-de-avaliacao-de-retoma\\\/\",\"url\":\"https:\\\/\\\/corporate.autobiz.com\\\/pt-pt\\\/comunicado-de-imprensa-pt-pt\\\/mitsubishi-elege-a-autobiz-para-digitalizar-a-jornada-online-de-avaliacao-de-retoma\\\/\",\"name\":\"Mitsubishi elege a autobiz para digitalizar a jornada online de avalia\u00e7\u00e3o de retoma - autobiz Corporate\",\"isPartOf\":{\"@id\":\"https:\\\/\\\/corporate.autobiz.com\\\/pt-pt\\\/#website\"},\"primaryImageOfPage\":{\"@id\":\"https:\\\/\\\/corporate.autobiz.com\\\/pt-pt\\\/comunicado-de-imprensa-pt-pt\\\/mitsubishi-elege-a-autobiz-para-digitalizar-a-jornada-online-de-avaliacao-de-retoma\\\/#primaryimage\"},\"image\":{\"@id\":\"https:\\\/\\\/corporate.autobiz.com\\\/pt-pt\\\/comunicado-de-imprensa-pt-pt\\\/mitsubishi-elege-a-autobiz-para-digitalizar-a-jornada-online-de-avaliacao-de-retoma\\\/#primaryimage\"},\"thumbnailUrl\":\"https:\\\/\\\/corporate.autobiz.com\\\/wp-content\\\/uploads\\\/2022\\\/07\\\/testi.svg\",\"datePublished\":\"2024-12-04T12:57:23+00:00\",\"dateModified\":\"2024-12-04T12:58:16+00:00\",\"breadcrumb\":{\"@id\":\"https:\\\/\\\/corporate.autobiz.com\\\/pt-pt\\\/comunicado-de-imprensa-pt-pt\\\/mitsubishi-elege-a-autobiz-para-digitalizar-a-jornada-online-de-avaliacao-de-retoma\\\/#breadcrumb\"},\"inLanguage\":\"pt-PT\",\"potentialAction\":[{\"@type\":\"ReadAction\",\"target\":[\"https:\\\/\\\/corporate.autobiz.com\\\/pt-pt\\\/comunicado-de-imprensa-pt-pt\\\/mitsubishi-elege-a-autobiz-para-digitalizar-a-jornada-online-de-avaliacao-de-retoma\\\/\"]}]},{\"@type\":\"ImageObject\",\"inLanguage\":\"pt-PT\",\"@id\":\"https:\\\/\\\/corporate.autobiz.com\\\/pt-pt\\\/comunicado-de-imprensa-pt-pt\\\/mitsubishi-elege-a-autobiz-para-digitalizar-a-jornada-online-de-avaliacao-de-retoma\\\/#primaryimage\",\"url\":\"https:\\\/\\\/corporate.autobiz.com\\\/wp-content\\\/uploads\\\/2022\\\/07\\\/testi.svg\",\"contentUrl\":\"https:\\\/\\\/corporate.autobiz.com\\\/wp-content\\\/uploads\\\/2022\\\/07\\\/testi.svg\"},{\"@type\":\"BreadcrumbList\",\"@id\":\"https:\\\/\\\/corporate.autobiz.com\\\/pt-pt\\\/comunicado-de-imprensa-pt-pt\\\/mitsubishi-elege-a-autobiz-para-digitalizar-a-jornada-online-de-avaliacao-de-retoma\\\/#breadcrumb\",\"itemListElement\":[{\"@type\":\"ListItem\",\"position\":1,\"name\":\"In\u00edcio\",\"item\":\"https:\\\/\\\/corporate.autobiz.com\\\/pt-pt\\\/\"},{\"@type\":\"ListItem\",\"position\":2,\"name\":\"Comunicado de imprensa\",\"item\":\"https:\\\/\\\/corporate.autobiz.com\\\/pt-pt\\\/category\\\/comunicado-de-imprensa-pt-pt\\\/\"},{\"@type\":\"ListItem\",\"position\":3,\"name\":\"Mitsubishi elege a autobiz para digitalizar a jornada online de avalia\u00e7\u00e3o de retoma\"}]},{\"@type\":\"WebSite\",\"@id\":\"https:\\\/\\\/corporate.autobiz.com\\\/pt-pt\\\/#website\",\"url\":\"https:\\\/\\\/corporate.autobiz.com\\\/pt-pt\\\/\",\"name\":\"autobiz Corporate\",\"description\":\"Leader europ\u00e9en de la cotation automobile et de la reprise\",\"publisher\":{\"@id\":\"https:\\\/\\\/corporate.autobiz.com\\\/pt-pt\\\/#organization\"},\"potentialAction\":[{\"@type\":\"SearchAction\",\"target\":{\"@type\":\"EntryPoint\",\"urlTemplate\":\"https:\\\/\\\/corporate.autobiz.com\\\/pt-pt\\\/?s={search_term_string}\"},\"query-input\":{\"@type\":\"PropertyValueSpecification\",\"valueRequired\":true,\"valueName\":\"search_term_string\"}}],\"inLanguage\":\"pt-PT\"},{\"@type\":\"Organization\",\"@id\":\"https:\\\/\\\/corporate.autobiz.com\\\/pt-pt\\\/#organization\",\"name\":\"autobiz Corporate\",\"url\":\"https:\\\/\\\/corporate.autobiz.com\\\/pt-pt\\\/\",\"logo\":{\"@type\":\"ImageObject\",\"inLanguage\":\"pt-PT\",\"@id\":\"https:\\\/\\\/corporate.autobiz.com\\\/pt-pt\\\/#\\\/schema\\\/logo\\\/image\\\/\",\"url\":\"https:\\\/\\\/corporate.autobiz.com\\\/wp-content\\\/uploads\\\/2022\\\/07\\\/logo-autobiz.png\",\"contentUrl\":\"https:\\\/\\\/corporate.autobiz.com\\\/wp-content\\\/uploads\\\/2022\\\/07\\\/logo-autobiz.png\",\"width\":320,\"height\":76,\"caption\":\"autobiz Corporate\"},\"image\":{\"@id\":\"https:\\\/\\\/corporate.autobiz.com\\\/pt-pt\\\/#\\\/schema\\\/logo\\\/image\\\/\"}},{\"@type\":\"Person\",\"@id\":\"https:\\\/\\\/corporate.autobiz.com\\\/pt-pt\\\/#\\\/schema\\\/person\\\/485bc65fd8254553d07edeb3fabc42dd\",\"name\":\"Morgane\",\"image\":{\"@type\":\"ImageObject\",\"inLanguage\":\"pt-PT\",\"@id\":\"https:\\\/\\\/secure.gravatar.com\\\/avatar\\\/e0f9b527f8e40ec03010cd886256d05fbcd86ada6516ed5739cefb4da714fe4f?s=96&d=mm&r=g\",\"url\":\"https:\\\/\\\/secure.gravatar.com\\\/avatar\\\/e0f9b527f8e40ec03010cd886256d05fbcd86ada6516ed5739cefb4da714fe4f?s=96&d=mm&r=g\",\"contentUrl\":\"https:\\\/\\\/secure.gravatar.com\\\/avatar\\\/e0f9b527f8e40ec03010cd886256d05fbcd86ada6516ed5739cefb4da714fe4f?s=96&d=mm&r=g\",\"caption\":\"Morgane\"}}]}<\/script>\n<!-- \/ Yoast SEO plugin. -->","yoast_head_json":{"title":"Mitsubishi elege a autobiz para digitalizar a jornada online de avalia\u00e7\u00e3o de retoma - autobiz Corporate","robots":{"index":"index","follow":"follow","max-snippet":"max-snippet:-1","max-image-preview":"max-image-preview:large","max-video-preview":"max-video-preview:-1"},"canonical":"https:\/\/corporate.autobiz.com\/pt-pt\/comunicado-de-imprensa-pt-pt\/mitsubishi-elege-a-autobiz-para-digitalizar-a-jornada-online-de-avaliacao-de-retoma\/","og_locale":"pt_PT","og_type":"article","og_title":"Mitsubishi elege a autobiz para digitalizar a jornada online de avalia\u00e7\u00e3o de retoma - autobiz Corporate","og_description":"A Mitsubishi confiou \u00e0 autobiz a cria\u00e7\u00e3o do seu servi\u00e7o de avalia\u00e7\u00e3o de retoma online. Enquanto a marca japonesa relan\u00e7a os seus modelos ic\u00f3nicos, como o ASX e o Outlander, o fabricante de autom\u00f3veis est\u00e1 a expandir a sua gama de servi\u00e7os online. Os clientes podem agora desfrutar de uma jornada de avalia\u00e7\u00e3o 100% digitalizada [&hellip;]","og_url":"https:\/\/corporate.autobiz.com\/pt-pt\/comunicado-de-imprensa-pt-pt\/mitsubishi-elege-a-autobiz-para-digitalizar-a-jornada-online-de-avaliacao-de-retoma\/","og_site_name":"autobiz Corporate","article_published_time":"2024-12-04T12:57:23+00:00","article_modified_time":"2024-12-04T12:58:16+00:00","author":"Morgane","twitter_card":"summary_large_image","twitter_misc":{"Escrito por":"Morgane","Tempo estimado de leitura":"7 minutos"},"schema":{"@context":"https:\/\/schema.org","@graph":[{"@type":"Article","@id":"https:\/\/corporate.autobiz.com\/pt-pt\/comunicado-de-imprensa-pt-pt\/mitsubishi-elege-a-autobiz-para-digitalizar-a-jornada-online-de-avaliacao-de-retoma\/#article","isPartOf":{"@id":"https:\/\/corporate.autobiz.com\/pt-pt\/comunicado-de-imprensa-pt-pt\/mitsubishi-elege-a-autobiz-para-digitalizar-a-jornada-online-de-avaliacao-de-retoma\/"},"author":{"name":"Morgane","@id":"https:\/\/corporate.autobiz.com\/pt-pt\/#\/schema\/person\/485bc65fd8254553d07edeb3fabc42dd"},"headline":"Mitsubishi elege a autobiz para digitalizar a jornada online de avalia\u00e7\u00e3o de retoma","datePublished":"2024-12-04T12:57:23+00:00","dateModified":"2024-12-04T12:58:16+00:00","mainEntityOfPage":{"@id":"https:\/\/corporate.autobiz.com\/pt-pt\/comunicado-de-imprensa-pt-pt\/mitsubishi-elege-a-autobiz-para-digitalizar-a-jornada-online-de-avaliacao-de-retoma\/"},"wordCount":918,"publisher":{"@id":"https:\/\/corporate.autobiz.com\/pt-pt\/#organization"},"image":{"@id":"https:\/\/corporate.autobiz.com\/pt-pt\/comunicado-de-imprensa-pt-pt\/mitsubishi-elege-a-autobiz-para-digitalizar-a-jornada-online-de-avaliacao-de-retoma\/#primaryimage"},"thumbnailUrl":"https:\/\/corporate.autobiz.com\/wp-content\/uploads\/2022\/07\/testi.svg","articleSection":["Comunicado de imprensa"],"inLanguage":"pt-PT"},{"@type":"WebPage","@id":"https:\/\/corporate.autobiz.com\/pt-pt\/comunicado-de-imprensa-pt-pt\/mitsubishi-elege-a-autobiz-para-digitalizar-a-jornada-online-de-avaliacao-de-retoma\/","url":"https:\/\/corporate.autobiz.com\/pt-pt\/comunicado-de-imprensa-pt-pt\/mitsubishi-elege-a-autobiz-para-digitalizar-a-jornada-online-de-avaliacao-de-retoma\/","name":"Mitsubishi elege a autobiz para digitalizar a jornada online de avalia\u00e7\u00e3o de retoma - autobiz Corporate","isPartOf":{"@id":"https:\/\/corporate.autobiz.com\/pt-pt\/#website"},"primaryImageOfPage":{"@id":"https:\/\/corporate.autobiz.com\/pt-pt\/comunicado-de-imprensa-pt-pt\/mitsubishi-elege-a-autobiz-para-digitalizar-a-jornada-online-de-avaliacao-de-retoma\/#primaryimage"},"image":{"@id":"https:\/\/corporate.autobiz.com\/pt-pt\/comunicado-de-imprensa-pt-pt\/mitsubishi-elege-a-autobiz-para-digitalizar-a-jornada-online-de-avaliacao-de-retoma\/#primaryimage"},"thumbnailUrl":"https:\/\/corporate.autobiz.com\/wp-content\/uploads\/2022\/07\/testi.svg","datePublished":"2024-12-04T12:57:23+00:00","dateModified":"2024-12-04T12:58:16+00:00","breadcrumb":{"@id":"https:\/\/corporate.autobiz.com\/pt-pt\/comunicado-de-imprensa-pt-pt\/mitsubishi-elege-a-autobiz-para-digitalizar-a-jornada-online-de-avaliacao-de-retoma\/#breadcrumb"},"inLanguage":"pt-PT","potentialAction":[{"@type":"ReadAction","target":["https:\/\/corporate.autobiz.com\/pt-pt\/comunicado-de-imprensa-pt-pt\/mitsubishi-elege-a-autobiz-para-digitalizar-a-jornada-online-de-avaliacao-de-retoma\/"]}]},{"@type":"ImageObject","inLanguage":"pt-PT","@id":"https:\/\/corporate.autobiz.com\/pt-pt\/comunicado-de-imprensa-pt-pt\/mitsubishi-elege-a-autobiz-para-digitalizar-a-jornada-online-de-avaliacao-de-retoma\/#primaryimage","url":"https:\/\/corporate.autobiz.com\/wp-content\/uploads\/2022\/07\/testi.svg","contentUrl":"https:\/\/corporate.autobiz.com\/wp-content\/uploads\/2022\/07\/testi.svg"},{"@type":"BreadcrumbList","@id":"https:\/\/corporate.autobiz.com\/pt-pt\/comunicado-de-imprensa-pt-pt\/mitsubishi-elege-a-autobiz-para-digitalizar-a-jornada-online-de-avaliacao-de-retoma\/#breadcrumb","itemListElement":[{"@type":"ListItem","position":1,"name":"In\u00edcio","item":"https:\/\/corporate.autobiz.com\/pt-pt\/"},{"@type":"ListItem","position":2,"name":"Comunicado de imprensa","item":"https:\/\/corporate.autobiz.com\/pt-pt\/category\/comunicado-de-imprensa-pt-pt\/"},{"@type":"ListItem","position":3,"name":"Mitsubishi elege a autobiz para digitalizar a jornada online de avalia\u00e7\u00e3o de retoma"}]},{"@type":"WebSite","@id":"https:\/\/corporate.autobiz.com\/pt-pt\/#website","url":"https:\/\/corporate.autobiz.com\/pt-pt\/","name":"autobiz Corporate","description":"Leader europ\u00e9en de la cotation automobile et de la reprise","publisher":{"@id":"https:\/\/corporate.autobiz.com\/pt-pt\/#organization"},"potentialAction":[{"@type":"SearchAction","target":{"@type":"EntryPoint","urlTemplate":"https:\/\/corporate.autobiz.com\/pt-pt\/?s={search_term_string}"},"query-input":{"@type":"PropertyValueSpecification","valueRequired":true,"valueName":"search_term_string"}}],"inLanguage":"pt-PT"},{"@type":"Organization","@id":"https:\/\/corporate.autobiz.com\/pt-pt\/#organization","name":"autobiz Corporate","url":"https:\/\/corporate.autobiz.com\/pt-pt\/","logo":{"@type":"ImageObject","inLanguage":"pt-PT","@id":"https:\/\/corporate.autobiz.com\/pt-pt\/#\/schema\/logo\/image\/","url":"https:\/\/corporate.autobiz.com\/wp-content\/uploads\/2022\/07\/logo-autobiz.png","contentUrl":"https:\/\/corporate.autobiz.com\/wp-content\/uploads\/2022\/07\/logo-autobiz.png","width":320,"height":76,"caption":"autobiz Corporate"},"image":{"@id":"https:\/\/corporate.autobiz.com\/pt-pt\/#\/schema\/logo\/image\/"}},{"@type":"Person","@id":"https:\/\/corporate.autobiz.com\/pt-pt\/#\/schema\/person\/485bc65fd8254553d07edeb3fabc42dd","name":"Morgane","image":{"@type":"ImageObject","inLanguage":"pt-PT","@id":"https:\/\/secure.gravatar.com\/avatar\/e0f9b527f8e40ec03010cd886256d05fbcd86ada6516ed5739cefb4da714fe4f?s=96&d=mm&r=g","url":"https:\/\/secure.gravatar.com\/avatar\/e0f9b527f8e40ec03010cd886256d05fbcd86ada6516ed5739cefb4da714fe4f?s=96&d=mm&r=g","contentUrl":"https:\/\/secure.gravatar.com\/avatar\/e0f9b527f8e40ec03010cd886256d05fbcd86ada6516ed5739cefb4da714fe4f?s=96&d=mm&r=g","caption":"Morgane"}}]}},"_links":{"self":[{"href":"https:\/\/corporate.autobiz.com\/pt-pt\/wp-json\/wp\/v2\/posts\/19594","targetHints":{"allow":["GET"]}}],"collection":[{"href":"https:\/\/corporate.autobiz.com\/pt-pt\/wp-json\/wp\/v2\/posts"}],"about":[{"href":"https:\/\/corporate.autobiz.com\/pt-pt\/wp-json\/wp\/v2\/types\/post"}],"author":[{"embeddable":true,"href":"https:\/\/corporate.autobiz.com\/pt-pt\/wp-json\/wp\/v2\/users\/12"}],"replies":[{"embeddable":true,"href":"https:\/\/corporate.autobiz.com\/pt-pt\/wp-json\/wp\/v2\/comments?post=19594"}],"version-history":[{"count":0,"href":"https:\/\/corporate.autobiz.com\/pt-pt\/wp-json\/wp\/v2\/posts\/19594\/revisions"}],"wp:attachment":[{"href":"https:\/\/corporate.autobiz.com\/pt-pt\/wp-json\/wp\/v2\/media?parent=19594"}],"wp:term":[{"taxonomy":"category","embeddable":true,"href":"https:\/\/corporate.autobiz.com\/pt-pt\/wp-json\/wp\/v2\/categories?post=19594"},{"taxonomy":"post_tag","embeddable":true,"href":"https:\/\/corporate.autobiz.com\/pt-pt\/wp-json\/wp\/v2\/tags?post=19594"}],"curies":[{"name":"wp","href":"https:\/\/api.w.org\/{rel}","templated":true}]}}