{"id":16406,"date":"2024-01-23T10:52:34","date_gmt":"2024-01-23T09:52:34","guid":{"rendered":"https:\/\/corporate.autobiz.com\/sem-categoria\/autobiz-cria-joreca-sua-nova-filial-dedicada-a-recolha-e-analise-de-dados-relacicionados-com-o-sector-dos-marketplaces\/"},"modified":"2024-01-23T11:52:09","modified_gmt":"2024-01-23T10:52:09","slug":"autobiz-cria-joreca-sua-nova-filial-dedicada-a-recolha-e-analise-de-dados-relacicionados-com-o-sector-dos-marketplaces","status":"publish","type":"post","link":"https:\/\/corporate.autobiz.com\/pt-pt\/comunicado-de-imprensa-pt-pt\/autobiz-cria-joreca-sua-nova-filial-dedicada-a-recolha-e-analise-de-dados-relacicionados-com-o-sector-dos-marketplaces\/","title":{"rendered":"autobiz cria Joreca, sua nova filial dedicada \u00e1 recolha e analise de dados relacicionados com o sector dos Marketplaces"},"content":{"rendered":"\t\t<div data-elementor-type=\"wp-post\" data-elementor-id=\"16406\" class=\"elementor elementor-16406 elementor-16401\" data-elementor-post-type=\"post\">\n\t\t\t\t\t\t<section class=\"elementor-section elementor-top-section elementor-element elementor-element-1fe84c87 elementor-hidden-mobile elementor-section-boxed elementor-section-height-default elementor-section-height-default\" data-id=\"1fe84c87\" data-element_type=\"section\" data-settings=\"{&quot;jet_parallax_layout_list&quot;:[]}\">\n\t\t\t\t\t\t<div class=\"elementor-container elementor-column-gap-default\">\n\t\t\t\t\t<div class=\"elementor-column elementor-col-100 elementor-top-column elementor-element elementor-element-6dc3245b\" data-id=\"6dc3245b\" data-element_type=\"column\">\n\t\t\t<div class=\"elementor-widget-wrap elementor-element-populated\">\n\t\t\t\t\t\t<div class=\"elementor-element elementor-element-5552fafd elementor-widget elementor-widget-breadcrumbs\" data-id=\"5552fafd\" data-element_type=\"widget\" data-widget_type=\"breadcrumbs.default\">\n\t\t\t\t<div class=\"elementor-widget-container\">\n\t\t\t\t\t<p id=\"breadcrumbs\"><span><span><a href=\"https:\/\/corporate.autobiz.com\/pt-pt\/\">In\u00edcio<\/a><\/span><\/span><\/p>\t\t\t\t<\/div>\n\t\t\t\t<\/div>\n\t\t\t\t\t<\/div>\n\t\t<\/div>\n\t\t\t\t\t<\/div>\n\t\t<\/section>\n\t\t\t\t<section class=\"elementor-section elementor-top-section elementor-element elementor-element-2702c5dd elementor-section-boxed elementor-section-height-default elementor-section-height-default\" data-id=\"2702c5dd\" data-element_type=\"section\" data-settings=\"{&quot;jet_parallax_layout_list&quot;:[]}\">\n\t\t\t\t\t\t<div class=\"elementor-container elementor-column-gap-default\">\n\t\t\t\t\t<div class=\"elementor-column elementor-col-100 elementor-top-column elementor-element elementor-element-29d8d633\" data-id=\"29d8d633\" data-element_type=\"column\">\n\t\t\t<div class=\"elementor-widget-wrap elementor-element-populated\">\n\t\t\t\t\t\t<div class=\"elementor-element elementor-element-5b8ffa26 elementor-widget elementor-widget-text-editor\" data-id=\"5b8ffa26\" data-element_type=\"widget\" data-widget_type=\"text-editor.default\">\n\t\t\t\t<div class=\"elementor-widget-container\">\n\t\t\t\t\t\t\t\t\t23 de Janeiro, 2024\t\t\t\t\t\t\t\t<\/div>\n\t\t\t\t<\/div>\n\t\t\t\t<div class=\"elementor-element elementor-element-684091f0 elementor-widget__width-initial elementor-widget elementor-widget-heading\" data-id=\"684091f0\" data-element_type=\"widget\" data-widget_type=\"heading.default\">\n\t\t\t\t<div class=\"elementor-widget-container\">\n\t\t\t\t\t<h1 class=\"elementor-heading-title elementor-size-default\">autobiz cria Joreca, sua nova filial dedicada \u00e1 recolha e analise de dados relacicionados com o sector dos Marketplaces<\/h1>\t\t\t\t<\/div>\n\t\t\t\t<\/div>\n\t\t\t\t\t<\/div>\n\t\t<\/div>\n\t\t\t\t\t<\/div>\n\t\t<\/section>\n\t\t\t\t<section class=\"elementor-section elementor-top-section elementor-element elementor-element-7b063ed elementor-section-content-middle elementor-section-boxed elementor-section-height-default elementor-section-height-default\" data-id=\"7b063ed\" data-element_type=\"section\" data-settings=\"{&quot;jet_parallax_layout_list&quot;:[],&quot;background_background&quot;:&quot;classic&quot;}\">\n\t\t\t\t\t\t<div class=\"elementor-container elementor-column-gap-default\">\n\t\t\t\t\t<div class=\"elementor-column elementor-col-100 elementor-top-column elementor-element elementor-element-46ad2cbd\" data-id=\"46ad2cbd\" data-element_type=\"column\">\n\t\t\t<div class=\"elementor-widget-wrap elementor-element-populated\">\n\t\t\t\t\t\t<div class=\"elementor-element elementor-element-24d36c6c elementor-widget__width-initial elementor-widget elementor-widget-text-editor\" data-id=\"24d36c6c\" data-element_type=\"widget\" data-widget_type=\"text-editor.default\">\n\t\t\t\t<div class=\"elementor-widget-container\">\n\t\t\t\t\t\t\t\t\tJoreca \u00e9 a nova autobiz Group&#8217;s nova entidade, focada em recolher e analisar dados relacionados com o mundo dos Marketplaces.\r\n\r\nAssume a identidade do Grupo relativa aos an\u00fancios classificados (principalmente associado ao sector imobili\u00e1rio, autom\u00f3vel e de emprego) bem como \u00e1 atividade relacionada com os investidores da autobiz.\r\n\r\nO objetivo desta nova filial passa por distanciar-se das catividades da autobiz, focadas exclusivamente no mercado autom\u00f3vel, e acelerar o seu crescimento em diferentes mercados e novos pa\u00edses.\t\t\t\t\t\t\t\t<\/div>\n\t\t\t\t<\/div>\n\t\t\t\t<div class=\"elementor-element elementor-element-11a1fde0 elementor-widget-divider--view-line elementor-widget elementor-widget-divider\" data-id=\"11a1fde0\" data-element_type=\"widget\" data-widget_type=\"divider.default\">\n\t\t\t\t<div class=\"elementor-widget-container\">\n\t\t\t\t\t\t\t<div class=\"elementor-divider\">\n\t\t\t<span class=\"elementor-divider-separator\">\n\t\t\t\t\t\t<\/span>\n\t\t<\/div>\n\t\t\t\t\t\t<\/div>\n\t\t\t\t<\/div>\n\t\t\t\t\t<\/div>\n\t\t<\/div>\n\t\t\t\t\t<\/div>\n\t\t<\/section>\n\t\t\t\t<section class=\"elementor-section elementor-top-section elementor-element elementor-element-6a4920e5 elementor-section-boxed elementor-section-height-default elementor-section-height-default\" data-id=\"6a4920e5\" data-element_type=\"section\" data-settings=\"{&quot;jet_parallax_layout_list&quot;:[]}\">\n\t\t\t\t\t\t<div class=\"elementor-container elementor-column-gap-default\">\n\t\t\t\t\t<div class=\"elementor-column elementor-col-100 elementor-top-column elementor-element elementor-element-28130cb3\" data-id=\"28130cb3\" data-element_type=\"column\">\n\t\t\t<div class=\"elementor-widget-wrap elementor-element-populated\">\n\t\t\t\t\t\t<div class=\"elementor-element elementor-element-50472385 elementor-widget elementor-widget-text-editor\" data-id=\"50472385\" data-element_type=\"widget\" data-widget_type=\"text-editor.default\">\n\t\t\t\t<div class=\"elementor-widget-container\">\n\t\t\t\t\t\t\t\t\tPara al\u00e9m da sua atividade relacionada com o sector autom\u00f3vel, autobiz tem tamb\u00e9m apoiado os mercados online e os seus investidores desde 2009. Atualmente mais de 20 especialistas (Engenheiros de dados, produtores de dados, e analistas de mercado) trabalham a 100% neste projeto.\r\n\r\nGra\u00e7as a tecnologias pr\u00f3prias, tanto em termos de IA e Big Data, Joreca SAS est\u00e1 agora respons\u00e1vel desta \u00e1rea de atividade do grupo.\t\t\t\t\t\t\t\t<\/div>\n\t\t\t\t<\/div>\n\t\t\t\t<div class=\"elementor-element elementor-element-56a24b7b elementor-widget elementor-widget-heading\" data-id=\"56a24b7b\" data-element_type=\"widget\" data-widget_type=\"heading.default\">\n\t\t\t\t<div class=\"elementor-widget-container\">\n\t\t\t\t\t<h4 class=\"elementor-heading-title elementor-size-default\">Joreca: Um especialista em Marketplace <\/h4>\t\t\t\t<\/div>\n\t\t\t\t<\/div>\n\t\t\t\t<div class=\"elementor-element elementor-element-5ab863b elementor-widget elementor-widget-text-editor\" data-id=\"5ab863b\" data-element_type=\"widget\" data-widget_type=\"text-editor.default\">\n\t\t\t\t<div class=\"elementor-widget-container\">\n\t\t\t\t\t\t\t\t\tEm termos pr\u00e1ticos, esta nova entidade explora e analisa o conte\u00fado dos principais portais de an\u00fancios do mercado imobili\u00e1rio, autom\u00f3vel, e de emprego em 34 pa\u00edses por toda a Europa, Am\u00e9rica do Norte, Am\u00e9rica do Sul, e \u00c1sia. Estes dados s\u00e3o utilizados pela maioria dos investidores e operadores do sector (Adevinta, Auto Trader, Cargurus, Prosus, etc.).\r\n\r\nJoreca oferece dois tipos de produto:\r\n<ul>\r\n \t<li>\u2018Pain\u00e9is\u2019: standard de mercado para monitorizar invent\u00e1rio e quota de mercado.<\/li>\r\n \t<li>\u2018Base de dados de anunciantes\u2019: dados detalhados sobre os profissionais ativos em linha com as campanhas de compra e venda.<\/li>\r\n<\/ul>\t\t\t\t\t\t\t\t<\/div>\n\t\t\t\t<\/div>\n\t\t\t\t<section class=\"elementor-section elementor-inner-section elementor-element elementor-element-3812e6b elementor-section-boxed elementor-section-height-default elementor-section-height-default\" data-id=\"3812e6b\" data-element_type=\"section\" data-settings=\"{&quot;jet_parallax_layout_list&quot;:[]}\">\n\t\t\t\t\t\t<div class=\"elementor-container elementor-column-gap-default\">\n\t\t\t\t\t<div class=\"elementor-column elementor-col-50 elementor-inner-column elementor-element elementor-element-6ecea9dc\" data-id=\"6ecea9dc\" data-element_type=\"column\">\n\t\t\t<div class=\"elementor-widget-wrap elementor-element-populated\">\n\t\t\t\t\t\t<div class=\"elementor-element elementor-element-575e5fcd elementor-widget elementor-widget-image\" data-id=\"575e5fcd\" data-element_type=\"widget\" data-widget_type=\"image.default\">\n\t\t\t\t<div class=\"elementor-widget-container\">\n\t\t\t\t\t\t\t\t\t\t\t\t\t\t\t<img decoding=\"async\" width=\"50\" height=\"35\" src=\"https:\/\/corporate.autobiz.com\/wp-content\/uploads\/2022\/07\/testi.svg\" class=\"attachment-large size-large wp-image-1505\" alt=\"\" \/>\t\t\t\t\t\t\t\t\t\t\t\t\t\t\t<\/div>\n\t\t\t\t<\/div>\n\t\t\t\t\t<\/div>\n\t\t<\/div>\n\t\t\t\t<div class=\"elementor-column elementor-col-50 elementor-inner-column elementor-element elementor-element-7be96b14\" data-id=\"7be96b14\" data-element_type=\"column\">\n\t\t\t<div class=\"elementor-widget-wrap elementor-element-populated\">\n\t\t\t\t\t\t<div class=\"elementor-element elementor-element-4966b809 elementor-widget elementor-widget-text-editor\" data-id=\"4966b809\" data-element_type=\"widget\" data-widget_type=\"text-editor.default\">\n\t\t\t\t<div class=\"elementor-widget-container\">\n\t\t\t\t\t\t\t\t\t&#8220;Com Joreca, temos agora uma imagem de marca clara e uma capacidade de investimento significativa. Estes novos ativos, combinados com 15 anos de experi\u00eancia, devem permitir posteriormente Joreca ampliar os seus servi\u00e7os tanto para novos pa\u00edses como para novos mercados&#8221;\t\t\t\t\t\t\t\t<\/div>\n\t\t\t\t<\/div>\n\t\t\t\t<div class=\"elementor-element elementor-element-3d838e6d elementor-widget elementor-widget-text-editor\" data-id=\"3d838e6d\" data-element_type=\"widget\" data-widget_type=\"text-editor.default\">\n\t\t\t\t<div class=\"elementor-widget-container\">\n\t\t\t\t\t\t\t\t\texplica Emmanuel Labi, Presidente de Grupo autobiz.\t\t\t\t\t\t\t\t<\/div>\n\t\t\t\t<\/div>\n\t\t\t\t\t<\/div>\n\t\t<\/div>\n\t\t\t\t\t<\/div>\n\t\t<\/section>\n\t\t\t\t\t<\/div>\n\t\t<\/div>\n\t\t\t\t\t<\/div>\n\t\t<\/section>\n\t\t\t\t<section class=\"elementor-section elementor-top-section elementor-element elementor-element-294d8576 elementor-section-boxed elementor-section-height-default elementor-section-height-default\" data-id=\"294d8576\" data-element_type=\"section\" data-settings=\"{&quot;jet_parallax_layout_list&quot;:[]}\">\n\t\t\t\t\t\t<div class=\"elementor-container elementor-column-gap-default\">\n\t\t\t\t\t<div class=\"elementor-column elementor-col-100 elementor-top-column elementor-element elementor-element-67786c37\" data-id=\"67786c37\" data-element_type=\"column\">\n\t\t\t<div class=\"elementor-widget-wrap elementor-element-populated\">\n\t\t\t\t\t\t<div class=\"elementor-element elementor-element-609ce407 elementor-widget elementor-widget-shortcode\" data-id=\"609ce407\" data-element_type=\"widget\" data-widget_type=\"shortcode.default\">\n\t\t\t\t<div class=\"elementor-widget-container\">\n\t\t\t\t\t\t\t<div class=\"elementor-shortcode\">\t\t<div data-elementor-type=\"section\" data-elementor-id=\"4209\" class=\"elementor elementor-4209 elementor-2712 elementor-2712\" data-elementor-post-type=\"elementor_library\">\n\t\t\t\t\t<section class=\"elementor-section elementor-top-section elementor-element elementor-element-b8faa43 elementor-section-boxed elementor-section-height-default elementor-section-height-default\" data-id=\"b8faa43\" data-element_type=\"section\" data-settings=\"{&quot;jet_parallax_layout_list&quot;:[]}\">\n\t\t\t\t\t\t<div class=\"elementor-container elementor-column-gap-default\">\n\t\t\t\t\t<div class=\"elementor-column elementor-col-100 elementor-top-column elementor-element elementor-element-d56921c\" data-id=\"d56921c\" data-element_type=\"column\">\n\t\t\t<div class=\"elementor-widget-wrap elementor-element-populated\">\n\t\t\t\t\t\t<div class=\"elementor-element elementor-element-3f76613 elementor-widget elementor-widget-heading\" data-id=\"3f76613\" data-element_type=\"widget\" data-widget_type=\"heading.default\">\n\t\t\t\t<div class=\"elementor-widget-container\">\n\t\t\t\t\t<h4 class=\"elementor-heading-title elementor-size-default\">Sobre o autobiz<\/h4>\t\t\t\t<\/div>\n\t\t\t\t<\/div>\n\t\t\t\t<div class=\"elementor-element elementor-element-2bbc700 elementor-widget elementor-widget-text-editor\" data-id=\"2bbc700\" data-element_type=\"widget\" data-widget_type=\"text-editor.default\">\n\t\t\t\t<div class=\"elementor-widget-container\">\n\t\t\t\t\t\t\t\t\t<p>Desde 2004, a Autobiz acompanha todos os intervenientes da ind\u00fastria autom\u00f3vel europeia com solu\u00e7\u00f5es de recupera\u00e7\u00e3o e de comercializa\u00e7\u00e3o. Este apoio baseia-se em 20 anos de hist\u00f3rico de dados e na experi\u00eancia da web, software empresarial dos 280 empregados da empresa. Hoje baseada em La D\u00e9fense (Fran\u00e7a), a autobiz tamb\u00e9m tem escrit\u00f3rios em Berlim, Val\u00eancia (Espanha) e Mil\u00e3o. A autobiz apoia mais de 20 l\u00edderes na revenda de autom\u00f3veis usados (fabricantes, bancos, leasers, leiloeiros, etc.) assim como 5.000 pontos de venda em 22 pa\u00edses da Europa.<\/p>\t\t\t\t\t\t\t\t<\/div>\n\t\t\t\t<\/div>\n\t\t\t\t\t<\/div>\n\t\t<\/div>\n\t\t\t\t\t<\/div>\n\t\t<\/section>\n\t\t\t\t<section class=\"elementor-section elementor-top-section elementor-element elementor-element-e866364 elementor-section-boxed elementor-section-height-default elementor-section-height-default\" data-id=\"e866364\" data-element_type=\"section\" data-settings=\"{&quot;jet_parallax_layout_list&quot;:[]}\">\n\t\t\t\t\t\t<div class=\"elementor-container elementor-column-gap-default\">\n\t\t\t\t\t<div class=\"elementor-column elementor-col-100 elementor-top-column elementor-element elementor-element-e5a5277\" data-id=\"e5a5277\" data-element_type=\"column\">\n\t\t\t<div class=\"elementor-widget-wrap elementor-element-populated\">\n\t\t\t\t\t\t<div class=\"elementor-element elementor-element-024f141 elementor-widget-divider--view-line elementor-widget elementor-widget-divider\" data-id=\"024f141\" data-element_type=\"widget\" data-widget_type=\"divider.default\">\n\t\t\t\t<div class=\"elementor-widget-container\">\n\t\t\t\t\t\t\t<div class=\"elementor-divider\">\n\t\t\t<span class=\"elementor-divider-separator\">\n\t\t\t\t\t\t<\/span>\n\t\t<\/div>\n\t\t\t\t\t\t<\/div>\n\t\t\t\t<\/div>\n\t\t\t\t\t<\/div>\n\t\t<\/div>\n\t\t\t\t\t<\/div>\n\t\t<\/section>\n\t\t\t\t<section class=\"elementor-section elementor-top-section elementor-element elementor-element-e51e963 elementor-section-boxed elementor-section-height-default elementor-section-height-default\" data-id=\"e51e963\" data-element_type=\"section\" data-settings=\"{&quot;jet_parallax_layout_list&quot;:[]}\">\n\t\t\t\t\t\t<div class=\"elementor-container elementor-column-gap-default\">\n\t\t\t\t\t<div class=\"elementor-column elementor-col-100 elementor-top-column elementor-element elementor-element-e9a263e\" data-id=\"e9a263e\" data-element_type=\"column\">\n\t\t\t<div class=\"elementor-widget-wrap elementor-element-populated\">\n\t\t\t\t\t\t<div class=\"elementor-element elementor-element-b8f7976 elementor-widget elementor-widget-heading\" data-id=\"b8f7976\" data-element_type=\"widget\" data-widget_type=\"heading.default\">\n\t\t\t\t<div class=\"elementor-widget-container\">\n\t\t\t\t\t<h2 class=\"elementor-heading-title elementor-size-default\">Leia tamb\u00e9m...<\/h2>\t\t\t\t<\/div>\n\t\t\t\t<\/div>\n\t\t\t\t<div class=\"elementor-element elementor-element-40755c2 communique-carousel overflow-h elementor-widget elementor-widget-jet-posts\" data-id=\"40755c2\" data-element_type=\"widget\" data-settings=\"{&quot;columns_tablet&quot;:&quot;2&quot;,&quot;columns_mobile&quot;:&quot;1&quot;,&quot;columns&quot;:3,&quot;slides_to_scroll&quot;:&quot;1&quot;}\" data-widget_type=\"jet-posts.default\">\n\t\t\t\t<div class=\"elementor-widget-container\">\n\t\t\t\t\t<div class=\"elementor-jet-posts jet-elements\"><div class=\"jet-carousel elementor-slick-slider\" data-slider_options=\"{&quot;autoplaySpeed&quot;:5000,&quot;autoplay&quot;:true,&quot;infinite&quot;:true,&quot;pauseOnHover&quot;:false,&quot;speed&quot;:500,&quot;arrows&quot;:true,&quot;dots&quot;:false,&quot;slidesToScroll&quot;:1,&quot;prevArrow&quot;:&quot;.jet-posts__prev-arrow-40755c2&quot;,&quot;nextArrow&quot;:&quot;.jet-posts__next-arrow-40755c2&quot;,&quot;rtl&quot;:false}\" dir=\"ltr\"><div class=\"jet-posts col-row  jet-equal-cols\"><div class=\"jet-posts__prev-arrow-40755c2 jet-arrow prev-arrow\"><i aria-hidden=\"true\" class=\"fas fa-angle-left\"><\/i><\/div><div class=\"jet-posts__next-arrow-40755c2 jet-arrow next-arrow\"><i aria-hidden=\"true\" class=\"fas fa-angle-right\"><\/i><\/div><div class=\"jet-posts__item\">\n\t<div class=\"jet-posts__inner-box\"><div class=\"jet-posts__inner-content\"><h4 class=\"entry-title\"><a href=\"https:\/\/corporate.autobiz.com\/pt-pt\/comunicado-de-imprensa-pt-pt\/a-point-s-escolheu-a-autobizmarket-para-equipar-toda-a-sua-rede-de-vendas-de-automoveis\/\" target=\"\">A Point S escolheu a autobizMarket para equipar toda a sua rede de vendas de autom\u00f3veis<\/a><\/h4><div class=\"post-meta\"><span class=\"post__date post-meta__item\"><a href=\"https:\/\/corporate.autobiz.com\/pt-pt\/2026\/04\/20\/\"  class=\"post__date-link\" ><time datetime=\"2026-04-20T17:01:24+02:00\" title=\"2026-04-20T17:01:24+02:00\">20 de Abril, 2026<\/time><\/a><\/span><\/div><div class=\"entry-excerpt\">A autobiz, l\u00edder europeia em solu\u00e7\u00f5es de avalia\u00e7\u00e3o e dados autom\u00f3veis para profissionais, anuncia a assinatura de uma parceria estrat\u00e9gica&hellip;<\/div><div class=\"jet-more-wrap\"><a href=\"https:\/\/corporate.autobiz.com\/pt-pt\/comunicado-de-imprensa-pt-pt\/a-point-s-escolheu-a-autobizmarket-para-equipar-toda-a-sua-rede-de-vendas-de-automoveis\/\" class=\"btn btn-primary elementor-button elementor-size-md jet-more\" target=\"\"><span class=\"btn__text\">Leia mais<\/span><span class=\"jet-elements-icon jet-more-icon\"><i aria-hidden=\"true\" class=\"fas fa-caret-right\"><\/i><\/span><\/a><\/div><\/div><\/div>\n<\/div>\n<div class=\"jet-posts__item\">\n\t<div class=\"jet-posts__inner-box\"><div class=\"jet-posts__inner-content\"><h4 class=\"entry-title\"><a href=\"https:\/\/corporate.autobiz.com\/pt-pt\/comunicado-de-imprensa-pt-pt\/autobizmarket-the-newest-version-of-the-local-best-market-valuation-tool-is-now-available-in-portugal-evolving-to-better-meet-users-needs\/\" target=\"\">Melhor ferramenta de avalia\u00e7\u00e3o do mercado, o autobizMarket est\u00e1 a evoluir para responder de forma ainda mais precisa \u00e0s necessidades dos seus utilizadores<\/a><\/h4><div class=\"post-meta\"><span class=\"post__date post-meta__item\"><a href=\"https:\/\/corporate.autobiz.com\/pt-pt\/2025\/10\/27\/\"  class=\"post__date-link\" ><time datetime=\"2025-10-27T09:05:32+01:00\" title=\"2025-10-27T09:05:32+01:00\">27 de Outubro, 2025<\/time><\/a><\/span><\/div><div class=\"entry-excerpt\">autobiz announces a major investment in R&amp;D to upgrade autobizMarket, one of the flagship solutions within the autobizOffice suite. The&hellip;<\/div><div class=\"jet-more-wrap\"><a href=\"https:\/\/corporate.autobiz.com\/pt-pt\/comunicado-de-imprensa-pt-pt\/autobizmarket-the-newest-version-of-the-local-best-market-valuation-tool-is-now-available-in-portugal-evolving-to-better-meet-users-needs\/\" class=\"btn btn-primary elementor-button elementor-size-md jet-more\" target=\"\"><span class=\"btn__text\">Leia mais<\/span><span class=\"jet-elements-icon jet-more-icon\"><i aria-hidden=\"true\" class=\"fas fa-caret-right\"><\/i><\/span><\/a><\/div><\/div><\/div>\n<\/div>\n<div class=\"jet-posts__item\">\n\t<div class=\"jet-posts__inner-box\"><div class=\"jet-posts__inner-content\"><h4 class=\"entry-title\"><a href=\"https:\/\/corporate.autobiz.com\/pt-pt\/comunicado-de-imprensa-pt-pt\/en-cours-de-test-avance-chez-stellantis-carcheck-ai-promet-de-faire-gagner-jusqua-3-semaines-lors-du-defleet-dun-vehicule-2\/\" target=\"\">Atualmente em testes avan\u00e7ados na Stellantis, o Carcheck.AI promete economizar at\u00e9 3 semanas durante o \"Defleet\" de um ve\u00edculo<\/a><\/h4><div class=\"post-meta\"><span class=\"post__date post-meta__item\"><a href=\"https:\/\/corporate.autobiz.com\/pt-pt\/2025\/10\/21\/\"  class=\"post__date-link\" ><time datetime=\"2025-10-21T09:00:00+02:00\" title=\"2025-10-21T09:00:00+02:00\">21 de Outubro, 2025<\/time><\/a><\/span><\/div><div class=\"entry-excerpt\">A autobiz est\u00e1 dando um novo passo em dire\u00e7\u00e3o \u00e0 inspe\u00e7\u00e3o automatizada e \u00e0 digitaliza\u00e7\u00e3o do remarketing. Baseada na solu\u00e7\u00e3o&hellip;<\/div><div class=\"jet-more-wrap\"><a href=\"https:\/\/corporate.autobiz.com\/pt-pt\/comunicado-de-imprensa-pt-pt\/en-cours-de-test-avance-chez-stellantis-carcheck-ai-promet-de-faire-gagner-jusqua-3-semaines-lors-du-defleet-dun-vehicule-2\/\" class=\"btn btn-primary elementor-button elementor-size-md jet-more\" target=\"\"><span class=\"btn__text\">Leia mais<\/span><span class=\"jet-elements-icon jet-more-icon\"><i aria-hidden=\"true\" class=\"fas fa-caret-right\"><\/i><\/span><\/a><\/div><\/div><\/div>\n<\/div>\n<div class=\"jet-posts__item\">\n\t<div class=\"jet-posts__inner-box\"><div class=\"jet-posts__inner-content\"><h4 class=\"entry-title\"><a href=\"https:\/\/corporate.autobiz.com\/pt-pt\/comunicado-de-imprensa-pt-pt\/atraves-da-sua-nova-parceria-europeia-com-a-jato-dynamics-a-autobiz-reforca-a-sua-colaboracao-com-o-europcar-mobility-group\/\" target=\"\">Atrav\u00e9s da sua nova parceria europeia com a JATO Dynamics, a autobiz refor\u00e7a a sua colabora\u00e7\u00e3o com o Europcar Mobility Group<\/a><\/h4><div class=\"post-meta\"><span class=\"post__date post-meta__item\"><a href=\"https:\/\/corporate.autobiz.com\/pt-pt\/2025\/06\/05\/\"  class=\"post__date-link\" ><time datetime=\"2025-06-05T13:36:45+02:00\" title=\"2025-06-05T13:36:45+02:00\">5 de Junho, 2025<\/time><\/a><\/span><\/div><div class=\"entry-excerpt\">A autobiz confirma a sua lideran\u00e7a no mercado da avalia\u00e7\u00e3o de ve\u00edculos usados com uma nova solu\u00e7\u00e3o de identifica\u00e7\u00e3o de&hellip;<\/div><div class=\"jet-more-wrap\"><a href=\"https:\/\/corporate.autobiz.com\/pt-pt\/comunicado-de-imprensa-pt-pt\/atraves-da-sua-nova-parceria-europeia-com-a-jato-dynamics-a-autobiz-reforca-a-sua-colaboracao-com-o-europcar-mobility-group\/\" class=\"btn btn-primary elementor-button elementor-size-md jet-more\" target=\"\"><span class=\"btn__text\">Leia mais<\/span><span class=\"jet-elements-icon jet-more-icon\"><i aria-hidden=\"true\" class=\"fas fa-caret-right\"><\/i><\/span><\/a><\/div><\/div><\/div>\n<\/div>\n<div class=\"jet-posts__item\">\n\t<div class=\"jet-posts__inner-box\"><div class=\"jet-posts__inner-content\"><h4 class=\"entry-title\"><a href=\"https:\/\/corporate.autobiz.com\/pt-pt\/comunicado-de-imprensa-pt-pt\/autobiz-revela-a-autobizdigital-solucoes-abrangentes-para-melhorar-as-vendas-omnicanal-de-automoveis-novos-e-usados\/\" target=\"\">autobiz revela a 'autobizDigital', solu\u00e7\u00f5es abrangentes para melhorar as vendas omnicanal de autom\u00f3veis novos e usados\u00a0\u00a0<\/a><\/h4><div class=\"post-meta\"><span class=\"post__date post-meta__item\"><a href=\"https:\/\/corporate.autobiz.com\/pt-pt\/2025\/01\/30\/\"  class=\"post__date-link\" ><time datetime=\"2025-01-30T14:10:14+01:00\" title=\"2025-01-30T14:10:14+01:00\">30 de Janeiro, 2025<\/time><\/a><\/span><\/div><div class=\"entry-excerpt\">A autobiz tem o prazer de anunciar o lan\u00e7amento do seu mais recente conjunto de solu\u00e7\u00f5es digitais concebidas para responder&hellip;<\/div><div class=\"jet-more-wrap\"><a href=\"https:\/\/corporate.autobiz.com\/pt-pt\/comunicado-de-imprensa-pt-pt\/autobiz-revela-a-autobizdigital-solucoes-abrangentes-para-melhorar-as-vendas-omnicanal-de-automoveis-novos-e-usados\/\" class=\"btn btn-primary elementor-button elementor-size-md jet-more\" target=\"\"><span class=\"btn__text\">Leia mais<\/span><span class=\"jet-elements-icon jet-more-icon\"><i aria-hidden=\"true\" class=\"fas fa-caret-right\"><\/i><\/span><\/a><\/div><\/div><\/div>\n<\/div>\n<div class=\"jet-posts__item\">\n\t<div class=\"jet-posts__inner-box\"><div class=\"jet-posts__inner-content\"><h4 class=\"entry-title\"><a href=\"https:\/\/corporate.autobiz.com\/pt-pt\/comunicado-de-imprensa-pt-pt\/piscapisca-integra-os-dados-da-autobiz-em-portugal\/\" target=\"\">PiscaPisca integra os dados da autobiz em Portugal<\/a><\/h4><div class=\"post-meta\"><span class=\"post__date post-meta__item\"><a href=\"https:\/\/corporate.autobiz.com\/pt-pt\/2025\/01\/21\/\"  class=\"post__date-link\" ><time datetime=\"2025-01-21T14:40:25+01:00\" title=\"2025-01-21T14:40:25+01:00\">21 de Janeiro, 2025<\/time><\/a><\/span><\/div><div class=\"entry-excerpt\">Desde junho de 2024, a autobiz tem apoiado o PiscaPisca, um player-chave no mercado de carros usados em Portugal. O&hellip;<\/div><div class=\"jet-more-wrap\"><a href=\"https:\/\/corporate.autobiz.com\/pt-pt\/comunicado-de-imprensa-pt-pt\/piscapisca-integra-os-dados-da-autobiz-em-portugal\/\" class=\"btn btn-primary elementor-button elementor-size-md jet-more\" target=\"\"><span class=\"btn__text\">Leia mais<\/span><span class=\"jet-elements-icon jet-more-icon\"><i aria-hidden=\"true\" class=\"fas fa-caret-right\"><\/i><\/span><\/a><\/div><\/div><\/div>\n<\/div>\n<\/div>\n<\/div><\/div>\t\t\t\t<\/div>\n\t\t\t\t<\/div>\n\t\t\t\t<div class=\"elementor-element elementor-element-bde37e8 elementor-align-center elementor-widget-mobile__width-initial elementor-widget elementor-widget-button\" data-id=\"bde37e8\" data-element_type=\"widget\" data-widget_type=\"button.default\">\n\t\t\t\t<div class=\"elementor-widget-container\">\n\t\t\t\t\t\t\t\t\t<div class=\"elementor-button-wrapper\">\n\t\t\t\t\t<a class=\"elementor-button elementor-button-link elementor-size-sm\" href=\"https:\/\/corporate.autobiz.com\/nos-actualites\/nos-communiques\/\">\n\t\t\t\t\t\t<span class=\"elementor-button-content-wrapper\">\n\t\t\t\t\t\t\t\t\t<span class=\"elementor-button-text\">Todos os nossos comunicados de imprensa<\/span>\n\t\t\t\t\t<\/span>\n\t\t\t\t\t<\/a>\n\t\t\t\t<\/div>\n\t\t\t\t\t\t\t\t<\/div>\n\t\t\t\t<\/div>\n\t\t\t\t\t<\/div>\n\t\t<\/div>\n\t\t\t\t\t<\/div>\n\t\t<\/section>\n\t\t\t\t<\/div>\n\t\t<\/div>\n\t\t\t\t\t\t<\/div>\n\t\t\t\t<\/div>\n\t\t\t\t\t<\/div>\n\t\t<\/div>\n\t\t\t\t\t<\/div>\n\t\t<\/section>\n\t\t\t\t<\/div>\n\t\t","protected":false},"excerpt":{"rendered":"<p>Joreca \u00e9 a nova autobiz Group&#8217;s nova entidade, focada em recolher e analisar dados relacionados com o mundo dos Marketplaces. Assume a identidade do Grupo relativa aos an\u00fancios classificados (principalmente associado ao sector imobili\u00e1rio, autom\u00f3vel e de emprego) bem como \u00e1 atividade relacionada com os investidores da autobiz. O objetivo desta nova filial passa por [&hellip;]<\/p>\n","protected":false},"author":8,"featured_media":0,"comment_status":"closed","ping_status":"closed","sticky":false,"template":"","format":"standard","meta":{"footnotes":""},"categories":[58],"tags":[],"class_list":["post-16406","post","type-post","status-publish","format-standard","hentry","category-comunicado-de-imprensa-pt-pt"],"yoast_head":"<!-- This site is optimized with the Yoast SEO plugin v27.5 - https:\/\/yoast.com\/product\/yoast-seo-wordpress\/ -->\n<title>autobiz cria Joreca, sua nova filial dedicada \u00e1 recolha e analise de dados relacicionados com o sector dos Marketplaces - autobiz Corporate<\/title>\n<meta name=\"description\" content=\"autobiz cria Joreca, sua nova filial dedicada \u00e1 recolha e analise de dados relacicionados com o sector dos Marketplaces.\" \/>\n<meta name=\"robots\" content=\"index, follow, max-snippet:-1, max-image-preview:large, max-video-preview:-1\" \/>\n<link rel=\"canonical\" href=\"https:\/\/corporate.autobiz.com\/pt-pt\/comunicado-de-imprensa-pt-pt\/autobiz-cria-joreca-sua-nova-filial-dedicada-a-recolha-e-analise-de-dados-relacicionados-com-o-sector-dos-marketplaces\/\" \/>\n<meta property=\"og:locale\" content=\"pt_PT\" \/>\n<meta property=\"og:type\" content=\"article\" \/>\n<meta property=\"og:title\" content=\"autobiz cria Joreca, sua nova filial dedicada \u00e1 recolha e analise de dados relacicionados com o sector dos Marketplaces - autobiz Corporate\" \/>\n<meta property=\"og:description\" content=\"autobiz cria Joreca, sua nova filial dedicada \u00e1 recolha e analise de dados relacicionados com o sector dos Marketplaces.\" \/>\n<meta property=\"og:url\" content=\"https:\/\/corporate.autobiz.com\/pt-pt\/comunicado-de-imprensa-pt-pt\/autobiz-cria-joreca-sua-nova-filial-dedicada-a-recolha-e-analise-de-dados-relacicionados-com-o-sector-dos-marketplaces\/\" \/>\n<meta property=\"og:site_name\" content=\"autobiz Corporate\" \/>\n<meta property=\"article:published_time\" content=\"2024-01-23T09:52:34+00:00\" \/>\n<meta property=\"article:modified_time\" content=\"2024-01-23T10:52:09+00:00\" \/>\n<meta property=\"og:image\" content=\"https:\/\/corporate.autobiz.com\/wp-content\/uploads\/2022\/07\/testi.svg\" \/>\n<meta name=\"author\" content=\"C\u00e9dric Combarel\" \/>\n<meta name=\"twitter:card\" content=\"summary_large_image\" \/>\n<meta name=\"twitter:label1\" content=\"Escrito por\" \/>\n\t<meta name=\"twitter:data1\" content=\"C\u00e9dric Combarel\" \/>\n\t<meta name=\"twitter:label2\" content=\"Tempo estimado de leitura\" \/>\n\t<meta name=\"twitter:data2\" content=\"2 minutos\" \/>\n<script type=\"application\/ld+json\" class=\"yoast-schema-graph\">{\"@context\":\"https:\\\/\\\/schema.org\",\"@graph\":[{\"@type\":\"Article\",\"@id\":\"https:\\\/\\\/corporate.autobiz.com\\\/pt-pt\\\/comunicado-de-imprensa-pt-pt\\\/autobiz-cria-joreca-sua-nova-filial-dedicada-a-recolha-e-analise-de-dados-relacicionados-com-o-sector-dos-marketplaces\\\/#article\",\"isPartOf\":{\"@id\":\"https:\\\/\\\/corporate.autobiz.com\\\/pt-pt\\\/comunicado-de-imprensa-pt-pt\\\/autobiz-cria-joreca-sua-nova-filial-dedicada-a-recolha-e-analise-de-dados-relacicionados-com-o-sector-dos-marketplaces\\\/\"},\"author\":{\"name\":\"C\u00e9dric Combarel\",\"@id\":\"https:\\\/\\\/corporate.autobiz.com\\\/pt-pt\\\/#\\\/schema\\\/person\\\/df0f04cad655f015e0c382c2d498e793\"},\"headline\":\"autobiz cria Joreca, sua nova filial dedicada \u00e1 recolha e analise de dados relacicionados com o sector dos Marketplaces\",\"datePublished\":\"2024-01-23T09:52:34+00:00\",\"dateModified\":\"2024-01-23T10:52:09+00:00\",\"mainEntityOfPage\":{\"@id\":\"https:\\\/\\\/corporate.autobiz.com\\\/pt-pt\\\/comunicado-de-imprensa-pt-pt\\\/autobiz-cria-joreca-sua-nova-filial-dedicada-a-recolha-e-analise-de-dados-relacicionados-com-o-sector-dos-marketplaces\\\/\"},\"wordCount\":325,\"publisher\":{\"@id\":\"https:\\\/\\\/corporate.autobiz.com\\\/pt-pt\\\/#organization\"},\"image\":{\"@id\":\"https:\\\/\\\/corporate.autobiz.com\\\/pt-pt\\\/comunicado-de-imprensa-pt-pt\\\/autobiz-cria-joreca-sua-nova-filial-dedicada-a-recolha-e-analise-de-dados-relacicionados-com-o-sector-dos-marketplaces\\\/#primaryimage\"},\"thumbnailUrl\":\"https:\\\/\\\/corporate.autobiz.com\\\/wp-content\\\/uploads\\\/2022\\\/07\\\/testi.svg\",\"articleSection\":[\"Comunicado de imprensa\"],\"inLanguage\":\"pt-PT\"},{\"@type\":\"WebPage\",\"@id\":\"https:\\\/\\\/corporate.autobiz.com\\\/pt-pt\\\/comunicado-de-imprensa-pt-pt\\\/autobiz-cria-joreca-sua-nova-filial-dedicada-a-recolha-e-analise-de-dados-relacicionados-com-o-sector-dos-marketplaces\\\/\",\"url\":\"https:\\\/\\\/corporate.autobiz.com\\\/pt-pt\\\/comunicado-de-imprensa-pt-pt\\\/autobiz-cria-joreca-sua-nova-filial-dedicada-a-recolha-e-analise-de-dados-relacicionados-com-o-sector-dos-marketplaces\\\/\",\"name\":\"autobiz cria Joreca, sua nova filial dedicada \u00e1 recolha e analise de dados relacicionados com o sector dos Marketplaces - autobiz Corporate\",\"isPartOf\":{\"@id\":\"https:\\\/\\\/corporate.autobiz.com\\\/pt-pt\\\/#website\"},\"primaryImageOfPage\":{\"@id\":\"https:\\\/\\\/corporate.autobiz.com\\\/pt-pt\\\/comunicado-de-imprensa-pt-pt\\\/autobiz-cria-joreca-sua-nova-filial-dedicada-a-recolha-e-analise-de-dados-relacicionados-com-o-sector-dos-marketplaces\\\/#primaryimage\"},\"image\":{\"@id\":\"https:\\\/\\\/corporate.autobiz.com\\\/pt-pt\\\/comunicado-de-imprensa-pt-pt\\\/autobiz-cria-joreca-sua-nova-filial-dedicada-a-recolha-e-analise-de-dados-relacicionados-com-o-sector-dos-marketplaces\\\/#primaryimage\"},\"thumbnailUrl\":\"https:\\\/\\\/corporate.autobiz.com\\\/wp-content\\\/uploads\\\/2022\\\/07\\\/testi.svg\",\"datePublished\":\"2024-01-23T09:52:34+00:00\",\"dateModified\":\"2024-01-23T10:52:09+00:00\",\"description\":\"autobiz cria Joreca, sua nova filial dedicada \u00e1 recolha e analise de dados relacicionados com o sector dos Marketplaces.\",\"breadcrumb\":{\"@id\":\"https:\\\/\\\/corporate.autobiz.com\\\/pt-pt\\\/comunicado-de-imprensa-pt-pt\\\/autobiz-cria-joreca-sua-nova-filial-dedicada-a-recolha-e-analise-de-dados-relacicionados-com-o-sector-dos-marketplaces\\\/#breadcrumb\"},\"inLanguage\":\"pt-PT\",\"potentialAction\":[{\"@type\":\"ReadAction\",\"target\":[\"https:\\\/\\\/corporate.autobiz.com\\\/pt-pt\\\/comunicado-de-imprensa-pt-pt\\\/autobiz-cria-joreca-sua-nova-filial-dedicada-a-recolha-e-analise-de-dados-relacicionados-com-o-sector-dos-marketplaces\\\/\"]}]},{\"@type\":\"ImageObject\",\"inLanguage\":\"pt-PT\",\"@id\":\"https:\\\/\\\/corporate.autobiz.com\\\/pt-pt\\\/comunicado-de-imprensa-pt-pt\\\/autobiz-cria-joreca-sua-nova-filial-dedicada-a-recolha-e-analise-de-dados-relacicionados-com-o-sector-dos-marketplaces\\\/#primaryimage\",\"url\":\"https:\\\/\\\/corporate.autobiz.com\\\/wp-content\\\/uploads\\\/2022\\\/07\\\/testi.svg\",\"contentUrl\":\"https:\\\/\\\/corporate.autobiz.com\\\/wp-content\\\/uploads\\\/2022\\\/07\\\/testi.svg\"},{\"@type\":\"BreadcrumbList\",\"@id\":\"https:\\\/\\\/corporate.autobiz.com\\\/pt-pt\\\/comunicado-de-imprensa-pt-pt\\\/autobiz-cria-joreca-sua-nova-filial-dedicada-a-recolha-e-analise-de-dados-relacicionados-com-o-sector-dos-marketplaces\\\/#breadcrumb\",\"itemListElement\":[{\"@type\":\"ListItem\",\"position\":1,\"name\":\"In\u00edcio\",\"item\":\"https:\\\/\\\/corporate.autobiz.com\\\/pt-pt\\\/\"},{\"@type\":\"ListItem\",\"position\":2,\"name\":\"Comunicado de imprensa\",\"item\":\"https:\\\/\\\/corporate.autobiz.com\\\/pt-pt\\\/category\\\/comunicado-de-imprensa-pt-pt\\\/\"},{\"@type\":\"ListItem\",\"position\":3,\"name\":\"autobiz cria Joreca, sua nova filial dedicada \u00e1 recolha e analise de dados relacicionados com o sector dos Marketplaces\"}]},{\"@type\":\"WebSite\",\"@id\":\"https:\\\/\\\/corporate.autobiz.com\\\/pt-pt\\\/#website\",\"url\":\"https:\\\/\\\/corporate.autobiz.com\\\/pt-pt\\\/\",\"name\":\"autobiz Corporate\",\"description\":\"Leader europ\u00e9en de la cotation automobile et de la reprise\",\"publisher\":{\"@id\":\"https:\\\/\\\/corporate.autobiz.com\\\/pt-pt\\\/#organization\"},\"potentialAction\":[{\"@type\":\"SearchAction\",\"target\":{\"@type\":\"EntryPoint\",\"urlTemplate\":\"https:\\\/\\\/corporate.autobiz.com\\\/pt-pt\\\/?s={search_term_string}\"},\"query-input\":{\"@type\":\"PropertyValueSpecification\",\"valueRequired\":true,\"valueName\":\"search_term_string\"}}],\"inLanguage\":\"pt-PT\"},{\"@type\":\"Organization\",\"@id\":\"https:\\\/\\\/corporate.autobiz.com\\\/pt-pt\\\/#organization\",\"name\":\"autobiz Corporate\",\"url\":\"https:\\\/\\\/corporate.autobiz.com\\\/pt-pt\\\/\",\"logo\":{\"@type\":\"ImageObject\",\"inLanguage\":\"pt-PT\",\"@id\":\"https:\\\/\\\/corporate.autobiz.com\\\/pt-pt\\\/#\\\/schema\\\/logo\\\/image\\\/\",\"url\":\"https:\\\/\\\/corporate.autobiz.com\\\/wp-content\\\/uploads\\\/2022\\\/07\\\/logo-autobiz.png\",\"contentUrl\":\"https:\\\/\\\/corporate.autobiz.com\\\/wp-content\\\/uploads\\\/2022\\\/07\\\/logo-autobiz.png\",\"width\":320,\"height\":76,\"caption\":\"autobiz Corporate\"},\"image\":{\"@id\":\"https:\\\/\\\/corporate.autobiz.com\\\/pt-pt\\\/#\\\/schema\\\/logo\\\/image\\\/\"}},{\"@type\":\"Person\",\"@id\":\"https:\\\/\\\/corporate.autobiz.com\\\/pt-pt\\\/#\\\/schema\\\/person\\\/df0f04cad655f015e0c382c2d498e793\",\"name\":\"C\u00e9dric Combarel\",\"image\":{\"@type\":\"ImageObject\",\"inLanguage\":\"pt-PT\",\"@id\":\"https:\\\/\\\/secure.gravatar.com\\\/avatar\\\/bbcd444074ea94e9556d229e6357287efac31572feca547a7c863ea47c623161?s=96&d=mm&r=g\",\"url\":\"https:\\\/\\\/secure.gravatar.com\\\/avatar\\\/bbcd444074ea94e9556d229e6357287efac31572feca547a7c863ea47c623161?s=96&d=mm&r=g\",\"contentUrl\":\"https:\\\/\\\/secure.gravatar.com\\\/avatar\\\/bbcd444074ea94e9556d229e6357287efac31572feca547a7c863ea47c623161?s=96&d=mm&r=g\",\"caption\":\"C\u00e9dric Combarel\"}}]}<\/script>\n<!-- \/ Yoast SEO plugin. -->","yoast_head_json":{"title":"autobiz cria Joreca, sua nova filial dedicada \u00e1 recolha e analise de dados relacicionados com o sector dos Marketplaces - autobiz Corporate","description":"autobiz cria Joreca, sua nova filial dedicada \u00e1 recolha e analise de dados relacicionados com o sector dos Marketplaces.","robots":{"index":"index","follow":"follow","max-snippet":"max-snippet:-1","max-image-preview":"max-image-preview:large","max-video-preview":"max-video-preview:-1"},"canonical":"https:\/\/corporate.autobiz.com\/pt-pt\/comunicado-de-imprensa-pt-pt\/autobiz-cria-joreca-sua-nova-filial-dedicada-a-recolha-e-analise-de-dados-relacicionados-com-o-sector-dos-marketplaces\/","og_locale":"pt_PT","og_type":"article","og_title":"autobiz cria Joreca, sua nova filial dedicada \u00e1 recolha e analise de dados relacicionados com o sector dos Marketplaces - autobiz Corporate","og_description":"autobiz cria Joreca, sua nova filial dedicada \u00e1 recolha e analise de dados relacicionados com o sector dos Marketplaces.","og_url":"https:\/\/corporate.autobiz.com\/pt-pt\/comunicado-de-imprensa-pt-pt\/autobiz-cria-joreca-sua-nova-filial-dedicada-a-recolha-e-analise-de-dados-relacicionados-com-o-sector-dos-marketplaces\/","og_site_name":"autobiz Corporate","article_published_time":"2024-01-23T09:52:34+00:00","article_modified_time":"2024-01-23T10:52:09+00:00","og_image":[{"url":"https:\/\/corporate.autobiz.com\/wp-content\/uploads\/2022\/07\/testi.svg","type":"","width":"","height":""}],"author":"C\u00e9dric Combarel","twitter_card":"summary_large_image","twitter_misc":{"Escrito por":"C\u00e9dric Combarel","Tempo estimado de leitura":"2 minutos"},"schema":{"@context":"https:\/\/schema.org","@graph":[{"@type":"Article","@id":"https:\/\/corporate.autobiz.com\/pt-pt\/comunicado-de-imprensa-pt-pt\/autobiz-cria-joreca-sua-nova-filial-dedicada-a-recolha-e-analise-de-dados-relacicionados-com-o-sector-dos-marketplaces\/#article","isPartOf":{"@id":"https:\/\/corporate.autobiz.com\/pt-pt\/comunicado-de-imprensa-pt-pt\/autobiz-cria-joreca-sua-nova-filial-dedicada-a-recolha-e-analise-de-dados-relacicionados-com-o-sector-dos-marketplaces\/"},"author":{"name":"C\u00e9dric Combarel","@id":"https:\/\/corporate.autobiz.com\/pt-pt\/#\/schema\/person\/df0f04cad655f015e0c382c2d498e793"},"headline":"autobiz cria Joreca, sua nova filial dedicada \u00e1 recolha e analise de dados relacicionados com o sector dos Marketplaces","datePublished":"2024-01-23T09:52:34+00:00","dateModified":"2024-01-23T10:52:09+00:00","mainEntityOfPage":{"@id":"https:\/\/corporate.autobiz.com\/pt-pt\/comunicado-de-imprensa-pt-pt\/autobiz-cria-joreca-sua-nova-filial-dedicada-a-recolha-e-analise-de-dados-relacicionados-com-o-sector-dos-marketplaces\/"},"wordCount":325,"publisher":{"@id":"https:\/\/corporate.autobiz.com\/pt-pt\/#organization"},"image":{"@id":"https:\/\/corporate.autobiz.com\/pt-pt\/comunicado-de-imprensa-pt-pt\/autobiz-cria-joreca-sua-nova-filial-dedicada-a-recolha-e-analise-de-dados-relacicionados-com-o-sector-dos-marketplaces\/#primaryimage"},"thumbnailUrl":"https:\/\/corporate.autobiz.com\/wp-content\/uploads\/2022\/07\/testi.svg","articleSection":["Comunicado de imprensa"],"inLanguage":"pt-PT"},{"@type":"WebPage","@id":"https:\/\/corporate.autobiz.com\/pt-pt\/comunicado-de-imprensa-pt-pt\/autobiz-cria-joreca-sua-nova-filial-dedicada-a-recolha-e-analise-de-dados-relacicionados-com-o-sector-dos-marketplaces\/","url":"https:\/\/corporate.autobiz.com\/pt-pt\/comunicado-de-imprensa-pt-pt\/autobiz-cria-joreca-sua-nova-filial-dedicada-a-recolha-e-analise-de-dados-relacicionados-com-o-sector-dos-marketplaces\/","name":"autobiz cria Joreca, sua nova filial dedicada \u00e1 recolha e analise de dados relacicionados com o sector dos Marketplaces - autobiz Corporate","isPartOf":{"@id":"https:\/\/corporate.autobiz.com\/pt-pt\/#website"},"primaryImageOfPage":{"@id":"https:\/\/corporate.autobiz.com\/pt-pt\/comunicado-de-imprensa-pt-pt\/autobiz-cria-joreca-sua-nova-filial-dedicada-a-recolha-e-analise-de-dados-relacicionados-com-o-sector-dos-marketplaces\/#primaryimage"},"image":{"@id":"https:\/\/corporate.autobiz.com\/pt-pt\/comunicado-de-imprensa-pt-pt\/autobiz-cria-joreca-sua-nova-filial-dedicada-a-recolha-e-analise-de-dados-relacicionados-com-o-sector-dos-marketplaces\/#primaryimage"},"thumbnailUrl":"https:\/\/corporate.autobiz.com\/wp-content\/uploads\/2022\/07\/testi.svg","datePublished":"2024-01-23T09:52:34+00:00","dateModified":"2024-01-23T10:52:09+00:00","description":"autobiz cria Joreca, sua nova filial dedicada \u00e1 recolha e analise de dados relacicionados com o sector dos Marketplaces.","breadcrumb":{"@id":"https:\/\/corporate.autobiz.com\/pt-pt\/comunicado-de-imprensa-pt-pt\/autobiz-cria-joreca-sua-nova-filial-dedicada-a-recolha-e-analise-de-dados-relacicionados-com-o-sector-dos-marketplaces\/#breadcrumb"},"inLanguage":"pt-PT","potentialAction":[{"@type":"ReadAction","target":["https:\/\/corporate.autobiz.com\/pt-pt\/comunicado-de-imprensa-pt-pt\/autobiz-cria-joreca-sua-nova-filial-dedicada-a-recolha-e-analise-de-dados-relacicionados-com-o-sector-dos-marketplaces\/"]}]},{"@type":"ImageObject","inLanguage":"pt-PT","@id":"https:\/\/corporate.autobiz.com\/pt-pt\/comunicado-de-imprensa-pt-pt\/autobiz-cria-joreca-sua-nova-filial-dedicada-a-recolha-e-analise-de-dados-relacicionados-com-o-sector-dos-marketplaces\/#primaryimage","url":"https:\/\/corporate.autobiz.com\/wp-content\/uploads\/2022\/07\/testi.svg","contentUrl":"https:\/\/corporate.autobiz.com\/wp-content\/uploads\/2022\/07\/testi.svg"},{"@type":"BreadcrumbList","@id":"https:\/\/corporate.autobiz.com\/pt-pt\/comunicado-de-imprensa-pt-pt\/autobiz-cria-joreca-sua-nova-filial-dedicada-a-recolha-e-analise-de-dados-relacicionados-com-o-sector-dos-marketplaces\/#breadcrumb","itemListElement":[{"@type":"ListItem","position":1,"name":"In\u00edcio","item":"https:\/\/corporate.autobiz.com\/pt-pt\/"},{"@type":"ListItem","position":2,"name":"Comunicado de imprensa","item":"https:\/\/corporate.autobiz.com\/pt-pt\/category\/comunicado-de-imprensa-pt-pt\/"},{"@type":"ListItem","position":3,"name":"autobiz cria Joreca, sua nova filial dedicada \u00e1 recolha e analise de dados relacicionados com o sector dos Marketplaces"}]},{"@type":"WebSite","@id":"https:\/\/corporate.autobiz.com\/pt-pt\/#website","url":"https:\/\/corporate.autobiz.com\/pt-pt\/","name":"autobiz Corporate","description":"Leader europ\u00e9en de la cotation automobile et de la reprise","publisher":{"@id":"https:\/\/corporate.autobiz.com\/pt-pt\/#organization"},"potentialAction":[{"@type":"SearchAction","target":{"@type":"EntryPoint","urlTemplate":"https:\/\/corporate.autobiz.com\/pt-pt\/?s={search_term_string}"},"query-input":{"@type":"PropertyValueSpecification","valueRequired":true,"valueName":"search_term_string"}}],"inLanguage":"pt-PT"},{"@type":"Organization","@id":"https:\/\/corporate.autobiz.com\/pt-pt\/#organization","name":"autobiz Corporate","url":"https:\/\/corporate.autobiz.com\/pt-pt\/","logo":{"@type":"ImageObject","inLanguage":"pt-PT","@id":"https:\/\/corporate.autobiz.com\/pt-pt\/#\/schema\/logo\/image\/","url":"https:\/\/corporate.autobiz.com\/wp-content\/uploads\/2022\/07\/logo-autobiz.png","contentUrl":"https:\/\/corporate.autobiz.com\/wp-content\/uploads\/2022\/07\/logo-autobiz.png","width":320,"height":76,"caption":"autobiz Corporate"},"image":{"@id":"https:\/\/corporate.autobiz.com\/pt-pt\/#\/schema\/logo\/image\/"}},{"@type":"Person","@id":"https:\/\/corporate.autobiz.com\/pt-pt\/#\/schema\/person\/df0f04cad655f015e0c382c2d498e793","name":"C\u00e9dric Combarel","image":{"@type":"ImageObject","inLanguage":"pt-PT","@id":"https:\/\/secure.gravatar.com\/avatar\/bbcd444074ea94e9556d229e6357287efac31572feca547a7c863ea47c623161?s=96&d=mm&r=g","url":"https:\/\/secure.gravatar.com\/avatar\/bbcd444074ea94e9556d229e6357287efac31572feca547a7c863ea47c623161?s=96&d=mm&r=g","contentUrl":"https:\/\/secure.gravatar.com\/avatar\/bbcd444074ea94e9556d229e6357287efac31572feca547a7c863ea47c623161?s=96&d=mm&r=g","caption":"C\u00e9dric Combarel"}}]}},"_links":{"self":[{"href":"https:\/\/corporate.autobiz.com\/pt-pt\/wp-json\/wp\/v2\/posts\/16406","targetHints":{"allow":["GET"]}}],"collection":[{"href":"https:\/\/corporate.autobiz.com\/pt-pt\/wp-json\/wp\/v2\/posts"}],"about":[{"href":"https:\/\/corporate.autobiz.com\/pt-pt\/wp-json\/wp\/v2\/types\/post"}],"author":[{"embeddable":true,"href":"https:\/\/corporate.autobiz.com\/pt-pt\/wp-json\/wp\/v2\/users\/8"}],"replies":[{"embeddable":true,"href":"https:\/\/corporate.autobiz.com\/pt-pt\/wp-json\/wp\/v2\/comments?post=16406"}],"version-history":[{"count":0,"href":"https:\/\/corporate.autobiz.com\/pt-pt\/wp-json\/wp\/v2\/posts\/16406\/revisions"}],"wp:attachment":[{"href":"https:\/\/corporate.autobiz.com\/pt-pt\/wp-json\/wp\/v2\/media?parent=16406"}],"wp:term":[{"taxonomy":"category","embeddable":true,"href":"https:\/\/corporate.autobiz.com\/pt-pt\/wp-json\/wp\/v2\/categories?post=16406"},{"taxonomy":"post_tag","embeddable":true,"href":"https:\/\/corporate.autobiz.com\/pt-pt\/wp-json\/wp\/v2\/tags?post=16406"}],"curies":[{"name":"wp","href":"https:\/\/api.w.org\/{rel}","templated":true}]}}