{"id":5813,"date":"2016-01-10T16:34:00","date_gmt":"2016-01-10T15:34:00","guid":{"rendered":"https:\/\/staging-corporate.shakazoola.com\/non-categorizzato\/autobiz-usato-it-pronto-al-decollo\/"},"modified":"2022-11-16T11:34:30","modified_gmt":"2022-11-16T10:34:30","slug":"autobiz-usato-it-pronto-al-decollo","status":"publish","type":"post","link":"https:\/\/corporate.autobiz.com\/it\/comunicato-stampa\/autobiz-usato-it-pronto-al-decollo\/","title":{"rendered":"autobiz-usato.it pronto al decollo"},"content":{"rendered":"\t\t<div data-elementor-type=\"wp-post\" data-elementor-id=\"5813\" class=\"elementor elementor-5813 elementor-5169\" data-elementor-post-type=\"post\">\n\t\t\t\t\t\t<section class=\"elementor-section elementor-top-section elementor-element elementor-element-743991bd elementor-hidden-mobile elementor-section-boxed elementor-section-height-default elementor-section-height-default\" data-id=\"743991bd\" data-element_type=\"section\" data-settings=\"{&quot;jet_parallax_layout_list&quot;:[]}\">\n\t\t\t\t\t\t<div class=\"elementor-container elementor-column-gap-default\">\n\t\t\t\t\t<div class=\"elementor-column elementor-col-100 elementor-top-column elementor-element elementor-element-1d676da5\" data-id=\"1d676da5\" data-element_type=\"column\">\n\t\t\t<div class=\"elementor-widget-wrap elementor-element-populated\">\n\t\t\t\t\t\t<div class=\"elementor-element elementor-element-2b7ef939 elementor-widget elementor-widget-breadcrumbs\" data-id=\"2b7ef939\" data-element_type=\"widget\" data-widget_type=\"breadcrumbs.default\">\n\t\t\t\t<div class=\"elementor-widget-container\">\n\t\t\t\t\t<p id=\"breadcrumbs\"><span><span><a href=\"https:\/\/corporate.autobiz.com\/it\/\">Home<\/a><\/span><\/span><\/p>\t\t\t\t<\/div>\n\t\t\t\t<\/div>\n\t\t\t\t\t<\/div>\n\t\t<\/div>\n\t\t\t\t\t<\/div>\n\t\t<\/section>\n\t\t\t\t<section class=\"elementor-section elementor-top-section elementor-element elementor-element-415e75c7 elementor-section-boxed elementor-section-height-default elementor-section-height-default\" data-id=\"415e75c7\" data-element_type=\"section\" data-settings=\"{&quot;jet_parallax_layout_list&quot;:[]}\">\n\t\t\t\t\t\t<div class=\"elementor-container elementor-column-gap-default\">\n\t\t\t\t\t<div class=\"elementor-column elementor-col-100 elementor-top-column elementor-element elementor-element-2e7fccce\" data-id=\"2e7fccce\" data-element_type=\"column\">\n\t\t\t<div class=\"elementor-widget-wrap elementor-element-populated\">\n\t\t\t\t\t\t<div class=\"elementor-element elementor-element-d28b09d elementor-widget elementor-widget-text-editor\" data-id=\"d28b09d\" data-element_type=\"widget\" data-widget_type=\"text-editor.default\">\n\t\t\t\t<div class=\"elementor-widget-container\">\n\t\t\t\t\t\t\t\t\t10 Gennaio 2016\t\t\t\t\t\t\t\t<\/div>\n\t\t\t\t<\/div>\n\t\t\t\t<div class=\"elementor-element elementor-element-270b1af9 elementor-widget__width-initial elementor-widget elementor-widget-heading\" data-id=\"270b1af9\" data-element_type=\"widget\" data-widget_type=\"heading.default\">\n\t\t\t\t<div class=\"elementor-widget-container\">\n\t\t\t\t\t<h1 class=\"elementor-heading-title elementor-size-default\">autobiz-usato.it pronto al decollo<\/h1>\t\t\t\t<\/div>\n\t\t\t\t<\/div>\n\t\t\t\t\t<\/div>\n\t\t<\/div>\n\t\t\t\t\t<\/div>\n\t\t<\/section>\n\t\t\t\t<section class=\"elementor-section elementor-top-section elementor-element elementor-element-4f0609f4 elementor-section-content-middle elementor-section-boxed elementor-section-height-default elementor-section-height-default\" data-id=\"4f0609f4\" data-element_type=\"section\" data-settings=\"{&quot;jet_parallax_layout_list&quot;:[],&quot;background_background&quot;:&quot;classic&quot;}\">\n\t\t\t\t\t\t<div class=\"elementor-container elementor-column-gap-default\">\n\t\t\t\t\t<div class=\"elementor-column elementor-col-100 elementor-top-column elementor-element elementor-element-4234feb4\" data-id=\"4234feb4\" data-element_type=\"column\">\n\t\t\t<div class=\"elementor-widget-wrap elementor-element-populated\">\n\t\t\t\t\t\t<div class=\"elementor-element elementor-element-394db6a1 elementor-widget__width-initial elementor-widget elementor-widget-text-editor\" data-id=\"394db6a1\" data-element_type=\"widget\" data-widget_type=\"text-editor.default\">\n\t\t\t\t<div class=\"elementor-widget-container\">\n\t\t\t\t\t\t\t\t\t<p>Nell&#8217;ambito della sua distribuzione in Europa, autobiz \u00e8 ora in grado di individuare acquirenti di auto qualificati per una rete di concessionari a livello nazionale in Italia. autobiz SAS ha lanciato autobiz-usato.it all&#8217;inizio di Febbraio. L&#8217;ufficio della societ\u00e0 a Milano ha gi\u00e0 fornito la piattaforma autobizMarket ai concessionari automobilistici nazionali da Giugno 2015.<\/p>\n\t\t\t\t\t\t\t\t<\/div>\n\t\t\t\t<\/div>\n\t\t\t\t<div class=\"elementor-element elementor-element-ca45871 elementor-widget-divider--view-line elementor-widget elementor-widget-divider\" data-id=\"ca45871\" data-element_type=\"widget\" data-widget_type=\"divider.default\">\n\t\t\t\t<div class=\"elementor-widget-container\">\n\t\t\t\t\t\t\t<div class=\"elementor-divider\">\n\t\t\t<span class=\"elementor-divider-separator\">\n\t\t\t\t\t\t<\/span>\n\t\t<\/div>\n\t\t\t\t\t\t<\/div>\n\t\t\t\t<\/div>\n\t\t\t\t\t<\/div>\n\t\t<\/div>\n\t\t\t\t\t<\/div>\n\t\t<\/section>\n\t\t\t\t<section class=\"elementor-section elementor-top-section elementor-element elementor-element-38f6e737 elementor-section-boxed elementor-section-height-default elementor-section-height-default\" data-id=\"38f6e737\" data-element_type=\"section\" data-settings=\"{&quot;jet_parallax_layout_list&quot;:[]}\">\n\t\t\t\t\t\t<div class=\"elementor-container elementor-column-gap-default\">\n\t\t\t\t\t<div class=\"elementor-column elementor-col-100 elementor-top-column elementor-element elementor-element-2f1ddda\" data-id=\"2f1ddda\" data-element_type=\"column\">\n\t\t\t<div class=\"elementor-widget-wrap elementor-element-populated\">\n\t\t\t\t\t\t<div class=\"elementor-element elementor-element-111128a7 elementor-widget elementor-widget-text-editor\" data-id=\"111128a7\" data-element_type=\"widget\" data-widget_type=\"text-editor.default\">\n\t\t\t\t<div class=\"elementor-widget-container\">\n\t\t\t\t\t\t\t\t\t<p>Nell&#8217;ambito della sua distribuzione in Europa, autobiz \u00e8 ora in grado di individuare acquirenti di auto qualificati per una rete di concessionari a livello nazionale in Italia. autobiz SAS ha lanciato autobiz-usato.it all&#8217;inizio di Febbraio. L&#8217;ufficio della societ\u00e0 a Milano ha gi\u00e0 fornito la piattaforma autobizMarket ai concessionari automobilistici nazionali da Giugno 2015.<\/p>\n\t\t\t\t\t\t\t\t<\/div>\n\t\t\t\t<\/div>\n\t\t\t\t<section class=\"elementor-section elementor-inner-section elementor-element elementor-element-35340567 elementor-section-boxed elementor-section-height-default elementor-section-height-default\" data-id=\"35340567\" data-element_type=\"section\" data-settings=\"{&quot;jet_parallax_layout_list&quot;:[]}\">\n\t\t\t\t\t\t<div class=\"elementor-container elementor-column-gap-default\">\n\t\t\t\t\t<div class=\"elementor-column elementor-col-50 elementor-inner-column elementor-element elementor-element-63287f28\" data-id=\"63287f28\" data-element_type=\"column\">\n\t\t\t<div class=\"elementor-widget-wrap elementor-element-populated\">\n\t\t\t\t\t\t<div class=\"elementor-element elementor-element-628cc62b elementor-widget elementor-widget-image\" data-id=\"628cc62b\" data-element_type=\"widget\" data-widget_type=\"image.default\">\n\t\t\t\t<div class=\"elementor-widget-container\">\n\t\t\t\t\t\t\t\t\t\t\t\t\t\t\t<img decoding=\"async\" width=\"50\" height=\"35\" src=\"https:\/\/corporate.autobiz.com\/wp-content\/uploads\/2022\/07\/testi.svg\" class=\"attachment-large size-large wp-image-1504\" alt=\"\" \/>\t\t\t\t\t\t\t\t\t\t\t\t\t\t\t<\/div>\n\t\t\t\t<\/div>\n\t\t\t\t\t<\/div>\n\t\t<\/div>\n\t\t\t\t<div class=\"elementor-column elementor-col-50 elementor-inner-column elementor-element elementor-element-254b136a\" data-id=\"254b136a\" data-element_type=\"column\">\n\t\t\t<div class=\"elementor-widget-wrap elementor-element-populated\">\n\t\t\t\t\t\t<div class=\"elementor-element elementor-element-3d2e1a1f elementor-widget elementor-widget-text-editor\" data-id=\"3d2e1a1f\" data-element_type=\"widget\" data-widget_type=\"text-editor.default\">\n\t\t\t\t<div class=\"elementor-widget-container\">\n\t\t\t\t\t\t\t\t\t<p>Gli automobilisti italiani ora possono ricevere una valutazione gratuita della loro auto e fissare un appuntamento per venderla ad uno dei nostri partner in Italia.<\/p>\n\t\t\t\t\t\t\t\t<\/div>\n\t\t\t\t<\/div>\n\t\t\t\t<div class=\"elementor-element elementor-element-63c355c3 elementor-widget elementor-widget-text-editor\" data-id=\"63c355c3\" data-element_type=\"widget\" data-widget_type=\"text-editor.default\">\n\t\t\t\t<div class=\"elementor-widget-container\">\n\t\t\t\t\t\t\t\t\t<p>afferma Emmanuel Labi, amministratore delegato di autobiz SAS.<\/p>\n\t\t\t\t\t\t\t\t<\/div>\n\t\t\t\t<\/div>\n\t\t\t\t\t<\/div>\n\t\t<\/div>\n\t\t\t\t\t<\/div>\n\t\t<\/section>\n\t\t\t\t<div class=\"elementor-element elementor-element-933e89b elementor-widget elementor-widget-text-editor\" data-id=\"933e89b\" data-element_type=\"widget\" data-widget_type=\"text-editor.default\">\n\t\t\t\t<div class=\"elementor-widget-container\">\n\t\t\t\t\t\t\t\t\t<p>Il lancio arriva mentre il mercato automobilistico italiano inizia una fase di ripresa dopo diversi anni successivi di cali. Le immatricolazioni di nuove autovetture sono aumentate di quasi il 16% nel 2015 a 1,36 milioni di unit\u00e0. In crescita anche il mercato delle auto usate, dell&#8217;8% rispetto al 2014.<\/p>\n\t\t\t\t\t\t\t\t<\/div>\n\t\t\t\t<\/div>\n\t\t\t\t<section class=\"elementor-section elementor-inner-section elementor-element elementor-element-884bd91 elementor-section-boxed elementor-section-height-default elementor-section-height-default\" data-id=\"884bd91\" data-element_type=\"section\" data-settings=\"{&quot;jet_parallax_layout_list&quot;:[]}\">\n\t\t\t\t\t\t<div class=\"elementor-container elementor-column-gap-default\">\n\t\t\t\t\t<div class=\"elementor-column elementor-col-50 elementor-inner-column elementor-element elementor-element-15458b8\" data-id=\"15458b8\" data-element_type=\"column\">\n\t\t\t<div class=\"elementor-widget-wrap elementor-element-populated\">\n\t\t\t\t\t\t<div class=\"elementor-element elementor-element-713efdd elementor-widget elementor-widget-image\" data-id=\"713efdd\" data-element_type=\"widget\" data-widget_type=\"image.default\">\n\t\t\t\t<div class=\"elementor-widget-container\">\n\t\t\t\t\t\t\t\t\t\t\t\t\t\t\t<img decoding=\"async\" width=\"50\" height=\"35\" src=\"https:\/\/corporate.autobiz.com\/wp-content\/uploads\/2022\/07\/testi.svg\" class=\"attachment-large size-large wp-image-1504\" alt=\"\" \/>\t\t\t\t\t\t\t\t\t\t\t\t\t\t\t<\/div>\n\t\t\t\t<\/div>\n\t\t\t\t\t<\/div>\n\t\t<\/div>\n\t\t\t\t<div class=\"elementor-column elementor-col-50 elementor-inner-column elementor-element elementor-element-ca31095\" data-id=\"ca31095\" data-element_type=\"column\">\n\t\t\t<div class=\"elementor-widget-wrap elementor-element-populated\">\n\t\t\t\t\t\t<div class=\"elementor-element elementor-element-f0d1689 elementor-widget elementor-widget-text-editor\" data-id=\"f0d1689\" data-element_type=\"widget\" data-widget_type=\"text-editor.default\">\n\t\t\t\t<div class=\"elementor-widget-container\">\n\t\t\t\t\t\t\t\t\t<p>Siamo fiduciosi nel successo del nostro programma di acquisto di auto in Italia. Il nostro ufficio di Milano sta facendo un ottimo lavoro e molti professionisti stanno scegliendo di diventare partner autobiz. La nostra rete italiana dovrebbe essere completata entro il 2017.<\/p>\n\t\t\t\t\t\t\t\t<\/div>\n\t\t\t\t<\/div>\n\t\t\t\t<div class=\"elementor-element elementor-element-518f7cd elementor-widget elementor-widget-text-editor\" data-id=\"518f7cd\" data-element_type=\"widget\" data-widget_type=\"text-editor.default\">\n\t\t\t\t<div class=\"elementor-widget-container\">\n\t\t\t\t\t\t\t\t\t<p>aggiunge Emmanuel Labi.<\/p>\n\t\t\t\t\t\t\t\t<\/div>\n\t\t\t\t<\/div>\n\t\t\t\t\t<\/div>\n\t\t<\/div>\n\t\t\t\t\t<\/div>\n\t\t<\/section>\n\t\t\t\t<div class=\"elementor-element elementor-element-35efa0c elementor-widget elementor-widget-text-editor\" data-id=\"35efa0c\" data-element_type=\"widget\" data-widget_type=\"text-editor.default\">\n\t\t\t\t<div class=\"elementor-widget-container\">\n\t\t\t\t\t\t\t\t\t<p>I professionisti di autobiz si trovano in citt\u00e0 strategiche come Modena, Roma, Sora, Perugia, Brescia, Bergamo, Milano, Pesaro, Jesi, Brusnengo, Taranto, Ponte a Egola, Noventa Vicentina e Alpi di Villafranca.<\/p>\n<p>autobiz SA esporta le proprie conoscenze da ormai cinque anni. Il suo ufficio in Spagna \u00e8 stato fondato nel 2012, segnando il lancio di autobizMarket nella penisola iberica. La societ\u00e0 ha messo in contatto acquirenti di auto qualificati con una rete di professionisti della vendita di auto spagnoli dalla seconda met\u00e0 del 2015 attraverso il suo sito web autobiz-ocasion.es.<\/p>\n<p>Questa crescita internazionale accelerer\u00e0 nel 2016. La piattaforma autobizMarket sar\u00e0 operativa in Austria nella prima met\u00e0 di quest&#8217;anno e in Svizzera nella seconda met\u00e0, dopo Belgio e Paesi Bassi nel 2014.<\/p>\n\t\t\t\t\t\t\t\t<\/div>\n\t\t\t\t<\/div>\n\t\t\t\t\t<\/div>\n\t\t<\/div>\n\t\t\t\t\t<\/div>\n\t\t<\/section>\n\t\t\t\t<section class=\"elementor-section elementor-top-section elementor-element elementor-element-150a86e3 elementor-section-boxed elementor-section-height-default elementor-section-height-default\" data-id=\"150a86e3\" data-element_type=\"section\" data-settings=\"{&quot;jet_parallax_layout_list&quot;:[]}\">\n\t\t\t\t\t\t<div class=\"elementor-container elementor-column-gap-default\">\n\t\t\t\t\t<div class=\"elementor-column elementor-col-100 elementor-top-column elementor-element elementor-element-5680f972\" data-id=\"5680f972\" data-element_type=\"column\">\n\t\t\t<div class=\"elementor-widget-wrap elementor-element-populated\">\n\t\t\t\t\t\t<div class=\"elementor-element elementor-element-5dd6be70 elementor-widget elementor-widget-shortcode\" data-id=\"5dd6be70\" data-element_type=\"widget\" data-widget_type=\"shortcode.default\">\n\t\t\t\t<div class=\"elementor-widget-container\">\n\t\t\t\t\t\t\t<div class=\"elementor-shortcode\">\t\t<div data-elementor-type=\"section\" data-elementor-id=\"4208\" class=\"elementor elementor-4208 elementor-2712 elementor-2712\" data-elementor-post-type=\"elementor_library\">\n\t\t\t\t\t<section class=\"elementor-section elementor-top-section elementor-element elementor-element-b8faa43 elementor-section-boxed elementor-section-height-default elementor-section-height-default\" data-id=\"b8faa43\" data-element_type=\"section\" data-settings=\"{&quot;jet_parallax_layout_list&quot;:[]}\">\n\t\t\t\t\t\t<div class=\"elementor-container elementor-column-gap-default\">\n\t\t\t\t\t<div class=\"elementor-column elementor-col-100 elementor-top-column elementor-element elementor-element-d56921c\" data-id=\"d56921c\" data-element_type=\"column\">\n\t\t\t<div class=\"elementor-widget-wrap elementor-element-populated\">\n\t\t\t\t\t\t<div class=\"elementor-element elementor-element-3f76613 elementor-widget elementor-widget-heading\" data-id=\"3f76613\" data-element_type=\"widget\" data-widget_type=\"heading.default\">\n\t\t\t\t<div class=\"elementor-widget-container\">\n\t\t\t\t\t<h4 class=\"elementor-heading-title elementor-size-default\">A proposito di autobiz<\/h4>\t\t\t\t<\/div>\n\t\t\t\t<\/div>\n\t\t\t\t<div class=\"elementor-element elementor-element-2bbc700 elementor-widget elementor-widget-text-editor\" data-id=\"2bbc700\" data-element_type=\"widget\" data-widget_type=\"text-editor.default\">\n\t\t\t\t<div class=\"elementor-widget-container\">\n\t\t\t\t\t\t\t\t\t<p>Dal 2004, autobiz supporta tutti gli attori europei dell&#8217;industria automobilistica con soluzioni di valutazione e permuta. Questo supporto si basa su 20 anni di cronologia dei dati, sul know-how web, sul software e sull&#8217;esperienza dei 280 dipendenti dell&#8217;azienda. autobiz \u00e8 basata a La D\u00e9fense (Parigi) e ha anche uffici a Berlino, Valencia (Spagna) e Milano. L\u2019azienda supporta pi\u00f9 di 20 leader nel mercato dell&#8217;usato (costruttori, banche, aziende di leasing, case d\u2019asta\u2026) e 5.000 punti vendita in 22 paesi in tutta Europa.<\/p>\t\t\t\t\t\t\t\t<\/div>\n\t\t\t\t<\/div>\n\t\t\t\t\t<\/div>\n\t\t<\/div>\n\t\t\t\t\t<\/div>\n\t\t<\/section>\n\t\t\t\t<section class=\"elementor-section elementor-top-section elementor-element elementor-element-e866364 elementor-section-boxed elementor-section-height-default elementor-section-height-default\" data-id=\"e866364\" data-element_type=\"section\" data-settings=\"{&quot;jet_parallax_layout_list&quot;:[]}\">\n\t\t\t\t\t\t<div class=\"elementor-container elementor-column-gap-default\">\n\t\t\t\t\t<div class=\"elementor-column elementor-col-100 elementor-top-column elementor-element elementor-element-e5a5277\" data-id=\"e5a5277\" data-element_type=\"column\">\n\t\t\t<div class=\"elementor-widget-wrap elementor-element-populated\">\n\t\t\t\t\t\t<div class=\"elementor-element elementor-element-024f141 elementor-widget-divider--view-line elementor-widget elementor-widget-divider\" data-id=\"024f141\" data-element_type=\"widget\" data-widget_type=\"divider.default\">\n\t\t\t\t<div class=\"elementor-widget-container\">\n\t\t\t\t\t\t\t<div class=\"elementor-divider\">\n\t\t\t<span class=\"elementor-divider-separator\">\n\t\t\t\t\t\t<\/span>\n\t\t<\/div>\n\t\t\t\t\t\t<\/div>\n\t\t\t\t<\/div>\n\t\t\t\t\t<\/div>\n\t\t<\/div>\n\t\t\t\t\t<\/div>\n\t\t<\/section>\n\t\t\t\t<section class=\"elementor-section elementor-top-section elementor-element elementor-element-e51e963 elementor-section-boxed elementor-section-height-default elementor-section-height-default\" data-id=\"e51e963\" data-element_type=\"section\" data-settings=\"{&quot;jet_parallax_layout_list&quot;:[]}\">\n\t\t\t\t\t\t<div class=\"elementor-container elementor-column-gap-default\">\n\t\t\t\t\t<div class=\"elementor-column elementor-col-100 elementor-top-column elementor-element elementor-element-e9a263e\" data-id=\"e9a263e\" data-element_type=\"column\">\n\t\t\t<div class=\"elementor-widget-wrap elementor-element-populated\">\n\t\t\t\t\t\t<div class=\"elementor-element elementor-element-b8f7976 elementor-widget elementor-widget-heading\" data-id=\"b8f7976\" data-element_type=\"widget\" data-widget_type=\"heading.default\">\n\t\t\t\t<div class=\"elementor-widget-container\">\n\t\t\t\t\t<h2 class=\"elementor-heading-title elementor-size-default\">Leggi anche...<\/h2>\t\t\t\t<\/div>\n\t\t\t\t<\/div>\n\t\t\t\t<div class=\"elementor-element elementor-element-40755c2 communique-carousel overflow-h elementor-widget elementor-widget-jet-posts\" data-id=\"40755c2\" data-element_type=\"widget\" data-settings=\"{&quot;columns_tablet&quot;:&quot;2&quot;,&quot;columns_mobile&quot;:&quot;1&quot;,&quot;columns&quot;:3,&quot;slides_to_scroll&quot;:&quot;1&quot;}\" data-widget_type=\"jet-posts.default\">\n\t\t\t\t<div class=\"elementor-widget-container\">\n\t\t\t\t\t<div class=\"elementor-jet-posts jet-elements\"><div class=\"jet-carousel elementor-slick-slider\" data-slider_options=\"{&quot;autoplaySpeed&quot;:5000,&quot;autoplay&quot;:true,&quot;infinite&quot;:true,&quot;pauseOnHover&quot;:false,&quot;speed&quot;:500,&quot;arrows&quot;:true,&quot;dots&quot;:false,&quot;slidesToScroll&quot;:1,&quot;prevArrow&quot;:&quot;.jet-posts__prev-arrow-40755c2&quot;,&quot;nextArrow&quot;:&quot;.jet-posts__next-arrow-40755c2&quot;,&quot;rtl&quot;:false}\" dir=\"ltr\"><div class=\"jet-posts col-row  jet-equal-cols\"><div class=\"jet-posts__prev-arrow-40755c2 jet-arrow prev-arrow\"><i aria-hidden=\"true\" class=\"fas fa-angle-left\"><\/i><\/div><div class=\"jet-posts__next-arrow-40755c2 jet-arrow next-arrow\"><i aria-hidden=\"true\" class=\"fas fa-angle-right\"><\/i><\/div><div class=\"jet-posts__item\">\n\t<div class=\"jet-posts__inner-box\"><div class=\"jet-posts__inner-content\"><h4 class=\"entry-title\"><a href=\"https:\/\/corporate.autobiz.com\/it\/comunicato-stampa\/point-s-chooses-autobizmarket-to-equip-its-entire-car-sales-network-it\/\" target=\"\">Point S sceglie autobizMarket per dotare la propria rete di vendita auto<\/a><\/h4><div class=\"post-meta\"><span class=\"post__date post-meta__item\"><a href=\"https:\/\/corporate.autobiz.com\/it\/2026\/04\/20\/\"  class=\"post__date-link\" ><time datetime=\"2026-04-20T17:01:24+02:00\" title=\"2026-04-20T17:01:24+02:00\">20 Aprile 2026<\/time><\/a><\/span><\/div><div class=\"entry-excerpt\">autobiz, leader europeo nella valutazione di veicoli e nelle soluzioni basate sui dati per i professionisti del settore, annuncia la&hellip;<\/div><div class=\"jet-more-wrap\"><a href=\"https:\/\/corporate.autobiz.com\/it\/comunicato-stampa\/point-s-chooses-autobizmarket-to-equip-its-entire-car-sales-network-it\/\" class=\"btn btn-primary elementor-button elementor-size-md jet-more\" target=\"\"><span class=\"btn__text\">Per saperne di pi\u00f9<\/span><span class=\"jet-elements-icon jet-more-icon\"><i aria-hidden=\"true\" class=\"fas fa-caret-right\"><\/i><\/span><\/a><\/div><\/div><\/div>\n<\/div>\n<div class=\"jet-posts__item\">\n\t<div class=\"jet-posts__inner-box\"><div class=\"jet-posts__inner-content\"><h4 class=\"entry-title\"><a href=\"https:\/\/corporate.autobiz.com\/it\/comunicato-stampa\/autobiz-e-jato-dynamics-stringono-una-partnership-strategica-europea-per-ridefinire-gli-standard-di-identificazione-e-valutazione-dei-veicoli\/\" target=\"\">autobiz e JATO Dynamics stringono una partnership strategica europea per ridefinire gli standard di identificazione e valutazione dei veicoli.<\/a><\/h4><div class=\"post-meta\"><span class=\"post__date post-meta__item\"><a href=\"https:\/\/corporate.autobiz.com\/it\/2026\/03\/26\/\"  class=\"post__date-link\" ><time datetime=\"2026-03-26T10:00:54+01:00\" title=\"2026-03-26T10:00:54+01:00\">26 Marzo 2026<\/time><\/a><\/span><\/div><div class=\"entry-excerpt\">autobiz &#8211; leader europeo nella valutazione dei veicoli usati e nell\u2019analisi sul valore residuo &#8211; e JATO Dynamics &#8211; leader&hellip;<\/div><div class=\"jet-more-wrap\"><a href=\"https:\/\/corporate.autobiz.com\/it\/comunicato-stampa\/autobiz-e-jato-dynamics-stringono-una-partnership-strategica-europea-per-ridefinire-gli-standard-di-identificazione-e-valutazione-dei-veicoli\/\" class=\"btn btn-primary elementor-button elementor-size-md jet-more\" target=\"\"><span class=\"btn__text\">Per saperne di pi\u00f9<\/span><span class=\"jet-elements-icon jet-more-icon\"><i aria-hidden=\"true\" class=\"fas fa-caret-right\"><\/i><\/span><\/a><\/div><\/div><\/div>\n<\/div>\n<div class=\"jet-posts__item\">\n\t<div class=\"jet-posts__inner-box\"><div class=\"jet-posts__inner-content\"><h4 class=\"entry-title\"><a href=\"https:\/\/corporate.autobiz.com\/it\/comunicato-stampa\/autobiz-italia-premiata-da-great-place-to-work-italia-come-best-workplace-2026\/\" target=\"\">autobiz Italia \u00e8 stata premiata da Great Place To Work\u00ae Italia come una delle migliori aziende italiane per cui lavorare, all\u2019interno della Classifica Best Workplaces\u2122 2026<\/a><\/h4><div class=\"post-meta\"><span class=\"post__date post-meta__item\"><a href=\"https:\/\/corporate.autobiz.com\/it\/2026\/03\/25\/\"  class=\"post__date-link\" ><time datetime=\"2026-03-25T10:21:55+01:00\" title=\"2026-03-25T10:21:55+01:00\">25 Marzo 2026<\/time><\/a><\/span><\/div><div class=\"entry-excerpt\">autobiz Italia \u00e8 stata valutata dai collaboratori dell\u2019azienda attraverso un\u2019indagine sul clima interno. Il risultato: grande soddisfazione da parte dei&hellip;<\/div><div class=\"jet-more-wrap\"><a href=\"https:\/\/corporate.autobiz.com\/it\/comunicato-stampa\/autobiz-italia-premiata-da-great-place-to-work-italia-come-best-workplace-2026\/\" class=\"btn btn-primary elementor-button elementor-size-md jet-more\" target=\"\"><span class=\"btn__text\">Per saperne di pi\u00f9<\/span><span class=\"jet-elements-icon jet-more-icon\"><i aria-hidden=\"true\" class=\"fas fa-caret-right\"><\/i><\/span><\/a><\/div><\/div><\/div>\n<\/div>\n<div class=\"jet-posts__item\">\n\t<div class=\"jet-posts__inner-box\"><div class=\"jet-posts__inner-content\"><h4 class=\"entry-title\"><a href=\"https:\/\/corporate.autobiz.com\/it\/comunicato-stampa\/nuova-versione-di-autobizmarket-lanciata-in-italia\/\" target=\"\">La nuova versione di autobizMarket \u00e8 stata lanciata in Italia con un'interfaccia riprogettata e nuove funzionalit\u00e0<\/a><\/h4><div class=\"post-meta\"><span class=\"post__date post-meta__item\"><a href=\"https:\/\/corporate.autobiz.com\/it\/2026\/03\/12\/\"  class=\"post__date-link\" ><time datetime=\"2026-03-12T08:00:04+01:00\" title=\"2026-03-12T08:00:04+01:00\">12 Marzo 2026<\/time><\/a><\/span><\/div><div class=\"entry-excerpt\">autobiz annuncia il lancio della nuova versione di autobizMarket, la soluzione di punta per la valutazione dei veicoli usati all\u2019interno&hellip;<\/div><div class=\"jet-more-wrap\"><a href=\"https:\/\/corporate.autobiz.com\/it\/comunicato-stampa\/nuova-versione-di-autobizmarket-lanciata-in-italia\/\" class=\"btn btn-primary elementor-button elementor-size-md jet-more\" target=\"\"><span class=\"btn__text\">Per saperne di pi\u00f9<\/span><span class=\"jet-elements-icon jet-more-icon\"><i aria-hidden=\"true\" class=\"fas fa-caret-right\"><\/i><\/span><\/a><\/div><\/div><\/div>\n<\/div>\n<div class=\"jet-posts__item\">\n\t<div class=\"jet-posts__inner-box\"><div class=\"jet-posts__inner-content\"><h4 class=\"entry-title\"><a href=\"https:\/\/corporate.autobiz.com\/it\/comunicato-stampa\/advisory-firm-of-the-year-autobiz-awarded-for-autobiznext-the-solution-that-redefines-residual-value-management-in-europe\/\" target=\"\">Advisory Firm of The Year: autobiz premiata per autobizNext, la soluzione che ridefinisce la gestione dei valoru ori residui in Europa<\/a><\/h4><div class=\"post-meta\"><span class=\"post__date post-meta__item\"><a href=\"https:\/\/corporate.autobiz.com\/it\/2025\/11\/12\/\"  class=\"post__date-link\" ><time datetime=\"2025-11-12T13:45:51+01:00\" title=\"2025-11-12T13:45:51+01:00\">12 Novembre 2025<\/time><\/a><\/span><\/div><div class=\"entry-excerpt\">autobiz premiata &#8220;Advisory firm of the year&#8221; ai GlobalData Automotive Europe Awards 2025 di Monaco di Baviera.Questo premio riconosce il&hellip;<\/div><div class=\"jet-more-wrap\"><a href=\"https:\/\/corporate.autobiz.com\/it\/comunicato-stampa\/advisory-firm-of-the-year-autobiz-awarded-for-autobiznext-the-solution-that-redefines-residual-value-management-in-europe\/\" class=\"btn btn-primary elementor-button elementor-size-md jet-more\" target=\"\"><span class=\"btn__text\">Per saperne di pi\u00f9<\/span><span class=\"jet-elements-icon jet-more-icon\"><i aria-hidden=\"true\" class=\"fas fa-caret-right\"><\/i><\/span><\/a><\/div><\/div><\/div>\n<\/div>\n<div class=\"jet-posts__item\">\n\t<div class=\"jet-posts__inner-box\"><div class=\"jet-posts__inner-content\"><h4 class=\"entry-title\"><a href=\"https:\/\/corporate.autobiz.com\/it\/comunicato-stampa\/en-cours-de-test-avance-chez-stellantis-carcheck-ai-promet-de-faire-gagner-jusqua-3-semaines-lors-du-defleet-dun-vehicule-2\/\" target=\"\">Attualmente in fase di test avanzato in Stellantis, Carcheck.ai promette di far risparmiare fino a 3 settimane durante il \"defleet\" di un veicolo<\/a><\/h4><div class=\"post-meta\"><span class=\"post__date post-meta__item\"><a href=\"https:\/\/corporate.autobiz.com\/it\/2025\/10\/21\/\"  class=\"post__date-link\" ><time datetime=\"2025-10-21T09:00:00+02:00\" title=\"2025-10-21T09:00:00+02:00\">21 Ottobre 2025<\/time><\/a><\/span><\/div><div class=\"entry-excerpt\">autobiz compie un nuovo passo avanti nella perizia automatizzata e nella digitalizzazione del remarketing. Basata sulla soluzione Carcheck, questa tecnologia&hellip;<\/div><div class=\"jet-more-wrap\"><a href=\"https:\/\/corporate.autobiz.com\/it\/comunicato-stampa\/en-cours-de-test-avance-chez-stellantis-carcheck-ai-promet-de-faire-gagner-jusqua-3-semaines-lors-du-defleet-dun-vehicule-2\/\" class=\"btn btn-primary elementor-button elementor-size-md jet-more\" target=\"\"><span class=\"btn__text\">Per saperne di pi\u00f9<\/span><span class=\"jet-elements-icon jet-more-icon\"><i aria-hidden=\"true\" class=\"fas fa-caret-right\"><\/i><\/span><\/a><\/div><\/div><\/div>\n<\/div>\n<\/div>\n<\/div><\/div>\t\t\t\t<\/div>\n\t\t\t\t<\/div>\n\t\t\t\t<div class=\"elementor-element elementor-element-bde37e8 elementor-align-center elementor-widget-mobile__width-initial elementor-widget elementor-widget-button\" data-id=\"bde37e8\" data-element_type=\"widget\" data-widget_type=\"button.default\">\n\t\t\t\t<div class=\"elementor-widget-container\">\n\t\t\t\t\t\t\t\t\t<div class=\"elementor-button-wrapper\">\n\t\t\t\t\t<a class=\"elementor-button elementor-button-link elementor-size-sm\" href=\"https:\/\/corporate.autobiz.com\/it\/comunicati\/\">\n\t\t\t\t\t\t<span class=\"elementor-button-content-wrapper\">\n\t\t\t\t\t\t\t\t\t<span class=\"elementor-button-text\">Tutti i nostri comunicati<\/span>\n\t\t\t\t\t<\/span>\n\t\t\t\t\t<\/a>\n\t\t\t\t<\/div>\n\t\t\t\t\t\t\t\t<\/div>\n\t\t\t\t<\/div>\n\t\t\t\t\t<\/div>\n\t\t<\/div>\n\t\t\t\t\t<\/div>\n\t\t<\/section>\n\t\t\t\t<\/div>\n\t\t<\/div>\n\t\t\t\t\t\t<\/div>\n\t\t\t\t<\/div>\n\t\t\t\t\t<\/div>\n\t\t<\/div>\n\t\t\t\t\t<\/div>\n\t\t<\/section>\n\t\t\t\t<\/div>\n\t\t","protected":false},"excerpt":{"rendered":"<p>Nell&#8217;ambito della sua distribuzione in Europa, autobiz \u00e8 ora in grado di individuare acquirenti di auto qualificati per una rete di concessionari a livello nazionale in Italia. autobiz SAS ha lanciato autobiz-usato.it all&#8217;inizio di Febbraio. L&#8217;ufficio della societ\u00e0 a Milano ha gi\u00e0 fornito la piattaforma autobizMarket ai concessionari automobilistici nazionali da Giugno 2015.<\/p>\n","protected":false},"author":2,"featured_media":0,"comment_status":"closed","ping_status":"closed","sticky":false,"template":"","format":"standard","meta":{"footnotes":""},"categories":[59],"tags":[],"class_list":["post-5813","post","type-post","status-publish","format-standard","hentry","category-comunicato-stampa"],"yoast_head":"<!-- This site is optimized with the Yoast SEO plugin v27.5 - https:\/\/yoast.com\/product\/yoast-seo-wordpress\/ -->\n<title>autobiz-usato.it pronto al decollo<\/title>\n<meta name=\"description\" content=\"Nell&#039;ambito della sua distribuzione in Europa, autobiz \u00e8 ora in grado di individuare acquirenti di auto qualificati per una rete di concessionari a livello nazionale in Italia.\" \/>\n<meta name=\"robots\" content=\"index, follow, max-snippet:-1, max-image-preview:large, max-video-preview:-1\" \/>\n<link rel=\"canonical\" href=\"https:\/\/corporate.autobiz.com\/it\/comunicato-stampa\/autobiz-usato-it-pronto-al-decollo\/\" \/>\n<meta property=\"og:locale\" content=\"it_IT\" \/>\n<meta property=\"og:type\" content=\"article\" \/>\n<meta property=\"og:title\" content=\"autobiz-usato.it pronto al decollo\" \/>\n<meta property=\"og:description\" content=\"Nell&#039;ambito della sua distribuzione in Europa, autobiz \u00e8 ora in grado di individuare acquirenti di auto qualificati per una rete di concessionari a livello nazionale in Italia.\" \/>\n<meta property=\"og:url\" content=\"https:\/\/corporate.autobiz.com\/it\/comunicato-stampa\/autobiz-usato-it-pronto-al-decollo\/\" \/>\n<meta property=\"og:site_name\" content=\"autobiz Corporate\" \/>\n<meta property=\"article:published_time\" content=\"2016-01-10T15:34:00+00:00\" \/>\n<meta property=\"article:modified_time\" content=\"2022-11-16T10:34:30+00:00\" \/>\n<meta property=\"og:image\" content=\"https:\/\/corporate.autobiz.com\/wp-content\/uploads\/2022\/07\/testi.svg\" \/>\n<meta name=\"author\" content=\"solene\" \/>\n<meta name=\"twitter:card\" content=\"summary_large_image\" \/>\n<meta name=\"twitter:label1\" content=\"Scritto da\" \/>\n\t<meta name=\"twitter:data1\" content=\"solene\" \/>\n\t<meta name=\"twitter:label2\" content=\"Tempo di lettura stimato\" \/>\n\t<meta name=\"twitter:data2\" content=\"2 minuti\" \/>\n<script type=\"application\/ld+json\" class=\"yoast-schema-graph\">{\"@context\":\"https:\\\/\\\/schema.org\",\"@graph\":[{\"@type\":\"Article\",\"@id\":\"https:\\\/\\\/corporate.autobiz.com\\\/it\\\/comunicato-stampa\\\/autobiz-usato-it-pronto-al-decollo\\\/#article\",\"isPartOf\":{\"@id\":\"https:\\\/\\\/corporate.autobiz.com\\\/it\\\/comunicato-stampa\\\/autobiz-usato-it-pronto-al-decollo\\\/\"},\"author\":{\"name\":\"solene\",\"@id\":\"https:\\\/\\\/corporate.autobiz.com\\\/it\\\/#\\\/schema\\\/person\\\/9ae4aeeb57b606ec639da21578da0ae6\"},\"headline\":\"autobiz-usato.it pronto al decollo\",\"datePublished\":\"2016-01-10T15:34:00+00:00\",\"dateModified\":\"2022-11-16T10:34:30+00:00\",\"mainEntityOfPage\":{\"@id\":\"https:\\\/\\\/corporate.autobiz.com\\\/it\\\/comunicato-stampa\\\/autobiz-usato-it-pronto-al-decollo\\\/\"},\"wordCount\":349,\"publisher\":{\"@id\":\"https:\\\/\\\/corporate.autobiz.com\\\/it\\\/#organization\"},\"image\":{\"@id\":\"https:\\\/\\\/corporate.autobiz.com\\\/it\\\/comunicato-stampa\\\/autobiz-usato-it-pronto-al-decollo\\\/#primaryimage\"},\"thumbnailUrl\":\"https:\\\/\\\/corporate.autobiz.com\\\/wp-content\\\/uploads\\\/2022\\\/07\\\/testi.svg\",\"articleSection\":[\"Comunicato stampa\"],\"inLanguage\":\"it-IT\"},{\"@type\":\"WebPage\",\"@id\":\"https:\\\/\\\/corporate.autobiz.com\\\/it\\\/comunicato-stampa\\\/autobiz-usato-it-pronto-al-decollo\\\/\",\"url\":\"https:\\\/\\\/corporate.autobiz.com\\\/it\\\/comunicato-stampa\\\/autobiz-usato-it-pronto-al-decollo\\\/\",\"name\":\"autobiz-usato.it pronto al decollo\",\"isPartOf\":{\"@id\":\"https:\\\/\\\/corporate.autobiz.com\\\/it\\\/#website\"},\"primaryImageOfPage\":{\"@id\":\"https:\\\/\\\/corporate.autobiz.com\\\/it\\\/comunicato-stampa\\\/autobiz-usato-it-pronto-al-decollo\\\/#primaryimage\"},\"image\":{\"@id\":\"https:\\\/\\\/corporate.autobiz.com\\\/it\\\/comunicato-stampa\\\/autobiz-usato-it-pronto-al-decollo\\\/#primaryimage\"},\"thumbnailUrl\":\"https:\\\/\\\/corporate.autobiz.com\\\/wp-content\\\/uploads\\\/2022\\\/07\\\/testi.svg\",\"datePublished\":\"2016-01-10T15:34:00+00:00\",\"dateModified\":\"2022-11-16T10:34:30+00:00\",\"description\":\"Nell'ambito della sua distribuzione in Europa, autobiz \u00e8 ora in grado di individuare acquirenti di auto qualificati per una rete di concessionari a livello nazionale in Italia.\",\"breadcrumb\":{\"@id\":\"https:\\\/\\\/corporate.autobiz.com\\\/it\\\/comunicato-stampa\\\/autobiz-usato-it-pronto-al-decollo\\\/#breadcrumb\"},\"inLanguage\":\"it-IT\",\"potentialAction\":[{\"@type\":\"ReadAction\",\"target\":[\"https:\\\/\\\/corporate.autobiz.com\\\/it\\\/comunicato-stampa\\\/autobiz-usato-it-pronto-al-decollo\\\/\"]}]},{\"@type\":\"ImageObject\",\"inLanguage\":\"it-IT\",\"@id\":\"https:\\\/\\\/corporate.autobiz.com\\\/it\\\/comunicato-stampa\\\/autobiz-usato-it-pronto-al-decollo\\\/#primaryimage\",\"url\":\"https:\\\/\\\/corporate.autobiz.com\\\/wp-content\\\/uploads\\\/2022\\\/07\\\/testi.svg\",\"contentUrl\":\"https:\\\/\\\/corporate.autobiz.com\\\/wp-content\\\/uploads\\\/2022\\\/07\\\/testi.svg\"},{\"@type\":\"BreadcrumbList\",\"@id\":\"https:\\\/\\\/corporate.autobiz.com\\\/it\\\/comunicato-stampa\\\/autobiz-usato-it-pronto-al-decollo\\\/#breadcrumb\",\"itemListElement\":[{\"@type\":\"ListItem\",\"position\":1,\"name\":\"Home\",\"item\":\"https:\\\/\\\/corporate.autobiz.com\\\/it\\\/\"},{\"@type\":\"ListItem\",\"position\":2,\"name\":\"Comunicato stampa\",\"item\":\"https:\\\/\\\/corporate.autobiz.com\\\/it\\\/category\\\/comunicato-stampa\\\/\"},{\"@type\":\"ListItem\",\"position\":3,\"name\":\"autobiz-usato.it pronto al decollo\"}]},{\"@type\":\"WebSite\",\"@id\":\"https:\\\/\\\/corporate.autobiz.com\\\/it\\\/#website\",\"url\":\"https:\\\/\\\/corporate.autobiz.com\\\/it\\\/\",\"name\":\"autobiz Corporate\",\"description\":\"Leader europ\u00e9en de la cotation automobile et de la reprise\",\"publisher\":{\"@id\":\"https:\\\/\\\/corporate.autobiz.com\\\/it\\\/#organization\"},\"potentialAction\":[{\"@type\":\"SearchAction\",\"target\":{\"@type\":\"EntryPoint\",\"urlTemplate\":\"https:\\\/\\\/corporate.autobiz.com\\\/it\\\/?s={search_term_string}\"},\"query-input\":{\"@type\":\"PropertyValueSpecification\",\"valueRequired\":true,\"valueName\":\"search_term_string\"}}],\"inLanguage\":\"it-IT\"},{\"@type\":\"Organization\",\"@id\":\"https:\\\/\\\/corporate.autobiz.com\\\/it\\\/#organization\",\"name\":\"autobiz Corporate\",\"url\":\"https:\\\/\\\/corporate.autobiz.com\\\/it\\\/\",\"logo\":{\"@type\":\"ImageObject\",\"inLanguage\":\"it-IT\",\"@id\":\"https:\\\/\\\/corporate.autobiz.com\\\/it\\\/#\\\/schema\\\/logo\\\/image\\\/\",\"url\":\"https:\\\/\\\/corporate.autobiz.com\\\/wp-content\\\/uploads\\\/2022\\\/07\\\/logo-autobiz.png\",\"contentUrl\":\"https:\\\/\\\/corporate.autobiz.com\\\/wp-content\\\/uploads\\\/2022\\\/07\\\/logo-autobiz.png\",\"width\":320,\"height\":76,\"caption\":\"autobiz Corporate\"},\"image\":{\"@id\":\"https:\\\/\\\/corporate.autobiz.com\\\/it\\\/#\\\/schema\\\/logo\\\/image\\\/\"}},{\"@type\":\"Person\",\"@id\":\"https:\\\/\\\/corporate.autobiz.com\\\/it\\\/#\\\/schema\\\/person\\\/9ae4aeeb57b606ec639da21578da0ae6\",\"name\":\"solene\",\"image\":{\"@type\":\"ImageObject\",\"inLanguage\":\"it-IT\",\"@id\":\"https:\\\/\\\/secure.gravatar.com\\\/avatar\\\/8d51eb61b9ec15233721a8008decd5047bf06b8e454fb4c7fb3435f71edd3303?s=96&d=mm&r=g\",\"url\":\"https:\\\/\\\/secure.gravatar.com\\\/avatar\\\/8d51eb61b9ec15233721a8008decd5047bf06b8e454fb4c7fb3435f71edd3303?s=96&d=mm&r=g\",\"contentUrl\":\"https:\\\/\\\/secure.gravatar.com\\\/avatar\\\/8d51eb61b9ec15233721a8008decd5047bf06b8e454fb4c7fb3435f71edd3303?s=96&d=mm&r=g\",\"caption\":\"solene\"}}]}<\/script>\n<!-- \/ Yoast SEO plugin. -->","yoast_head_json":{"title":"autobiz-usato.it pronto al decollo","description":"Nell'ambito della sua distribuzione in Europa, autobiz \u00e8 ora in grado di individuare acquirenti di auto qualificati per una rete di concessionari a livello nazionale in Italia.","robots":{"index":"index","follow":"follow","max-snippet":"max-snippet:-1","max-image-preview":"max-image-preview:large","max-video-preview":"max-video-preview:-1"},"canonical":"https:\/\/corporate.autobiz.com\/it\/comunicato-stampa\/autobiz-usato-it-pronto-al-decollo\/","og_locale":"it_IT","og_type":"article","og_title":"autobiz-usato.it pronto al decollo","og_description":"Nell'ambito della sua distribuzione in Europa, autobiz \u00e8 ora in grado di individuare acquirenti di auto qualificati per una rete di concessionari a livello nazionale in Italia.","og_url":"https:\/\/corporate.autobiz.com\/it\/comunicato-stampa\/autobiz-usato-it-pronto-al-decollo\/","og_site_name":"autobiz Corporate","article_published_time":"2016-01-10T15:34:00+00:00","article_modified_time":"2022-11-16T10:34:30+00:00","og_image":[{"url":"https:\/\/corporate.autobiz.com\/wp-content\/uploads\/2022\/07\/testi.svg","type":"","width":"","height":""}],"author":"solene","twitter_card":"summary_large_image","twitter_misc":{"Scritto da":"solene","Tempo di lettura stimato":"2 minuti"},"schema":{"@context":"https:\/\/schema.org","@graph":[{"@type":"Article","@id":"https:\/\/corporate.autobiz.com\/it\/comunicato-stampa\/autobiz-usato-it-pronto-al-decollo\/#article","isPartOf":{"@id":"https:\/\/corporate.autobiz.com\/it\/comunicato-stampa\/autobiz-usato-it-pronto-al-decollo\/"},"author":{"name":"solene","@id":"https:\/\/corporate.autobiz.com\/it\/#\/schema\/person\/9ae4aeeb57b606ec639da21578da0ae6"},"headline":"autobiz-usato.it pronto al decollo","datePublished":"2016-01-10T15:34:00+00:00","dateModified":"2022-11-16T10:34:30+00:00","mainEntityOfPage":{"@id":"https:\/\/corporate.autobiz.com\/it\/comunicato-stampa\/autobiz-usato-it-pronto-al-decollo\/"},"wordCount":349,"publisher":{"@id":"https:\/\/corporate.autobiz.com\/it\/#organization"},"image":{"@id":"https:\/\/corporate.autobiz.com\/it\/comunicato-stampa\/autobiz-usato-it-pronto-al-decollo\/#primaryimage"},"thumbnailUrl":"https:\/\/corporate.autobiz.com\/wp-content\/uploads\/2022\/07\/testi.svg","articleSection":["Comunicato stampa"],"inLanguage":"it-IT"},{"@type":"WebPage","@id":"https:\/\/corporate.autobiz.com\/it\/comunicato-stampa\/autobiz-usato-it-pronto-al-decollo\/","url":"https:\/\/corporate.autobiz.com\/it\/comunicato-stampa\/autobiz-usato-it-pronto-al-decollo\/","name":"autobiz-usato.it pronto al decollo","isPartOf":{"@id":"https:\/\/corporate.autobiz.com\/it\/#website"},"primaryImageOfPage":{"@id":"https:\/\/corporate.autobiz.com\/it\/comunicato-stampa\/autobiz-usato-it-pronto-al-decollo\/#primaryimage"},"image":{"@id":"https:\/\/corporate.autobiz.com\/it\/comunicato-stampa\/autobiz-usato-it-pronto-al-decollo\/#primaryimage"},"thumbnailUrl":"https:\/\/corporate.autobiz.com\/wp-content\/uploads\/2022\/07\/testi.svg","datePublished":"2016-01-10T15:34:00+00:00","dateModified":"2022-11-16T10:34:30+00:00","description":"Nell'ambito della sua distribuzione in Europa, autobiz \u00e8 ora in grado di individuare acquirenti di auto qualificati per una rete di concessionari a livello nazionale in Italia.","breadcrumb":{"@id":"https:\/\/corporate.autobiz.com\/it\/comunicato-stampa\/autobiz-usato-it-pronto-al-decollo\/#breadcrumb"},"inLanguage":"it-IT","potentialAction":[{"@type":"ReadAction","target":["https:\/\/corporate.autobiz.com\/it\/comunicato-stampa\/autobiz-usato-it-pronto-al-decollo\/"]}]},{"@type":"ImageObject","inLanguage":"it-IT","@id":"https:\/\/corporate.autobiz.com\/it\/comunicato-stampa\/autobiz-usato-it-pronto-al-decollo\/#primaryimage","url":"https:\/\/corporate.autobiz.com\/wp-content\/uploads\/2022\/07\/testi.svg","contentUrl":"https:\/\/corporate.autobiz.com\/wp-content\/uploads\/2022\/07\/testi.svg"},{"@type":"BreadcrumbList","@id":"https:\/\/corporate.autobiz.com\/it\/comunicato-stampa\/autobiz-usato-it-pronto-al-decollo\/#breadcrumb","itemListElement":[{"@type":"ListItem","position":1,"name":"Home","item":"https:\/\/corporate.autobiz.com\/it\/"},{"@type":"ListItem","position":2,"name":"Comunicato stampa","item":"https:\/\/corporate.autobiz.com\/it\/category\/comunicato-stampa\/"},{"@type":"ListItem","position":3,"name":"autobiz-usato.it pronto al decollo"}]},{"@type":"WebSite","@id":"https:\/\/corporate.autobiz.com\/it\/#website","url":"https:\/\/corporate.autobiz.com\/it\/","name":"autobiz Corporate","description":"Leader europ\u00e9en de la cotation automobile et de la reprise","publisher":{"@id":"https:\/\/corporate.autobiz.com\/it\/#organization"},"potentialAction":[{"@type":"SearchAction","target":{"@type":"EntryPoint","urlTemplate":"https:\/\/corporate.autobiz.com\/it\/?s={search_term_string}"},"query-input":{"@type":"PropertyValueSpecification","valueRequired":true,"valueName":"search_term_string"}}],"inLanguage":"it-IT"},{"@type":"Organization","@id":"https:\/\/corporate.autobiz.com\/it\/#organization","name":"autobiz Corporate","url":"https:\/\/corporate.autobiz.com\/it\/","logo":{"@type":"ImageObject","inLanguage":"it-IT","@id":"https:\/\/corporate.autobiz.com\/it\/#\/schema\/logo\/image\/","url":"https:\/\/corporate.autobiz.com\/wp-content\/uploads\/2022\/07\/logo-autobiz.png","contentUrl":"https:\/\/corporate.autobiz.com\/wp-content\/uploads\/2022\/07\/logo-autobiz.png","width":320,"height":76,"caption":"autobiz Corporate"},"image":{"@id":"https:\/\/corporate.autobiz.com\/it\/#\/schema\/logo\/image\/"}},{"@type":"Person","@id":"https:\/\/corporate.autobiz.com\/it\/#\/schema\/person\/9ae4aeeb57b606ec639da21578da0ae6","name":"solene","image":{"@type":"ImageObject","inLanguage":"it-IT","@id":"https:\/\/secure.gravatar.com\/avatar\/8d51eb61b9ec15233721a8008decd5047bf06b8e454fb4c7fb3435f71edd3303?s=96&d=mm&r=g","url":"https:\/\/secure.gravatar.com\/avatar\/8d51eb61b9ec15233721a8008decd5047bf06b8e454fb4c7fb3435f71edd3303?s=96&d=mm&r=g","contentUrl":"https:\/\/secure.gravatar.com\/avatar\/8d51eb61b9ec15233721a8008decd5047bf06b8e454fb4c7fb3435f71edd3303?s=96&d=mm&r=g","caption":"solene"}}]}},"_links":{"self":[{"href":"https:\/\/corporate.autobiz.com\/it\/wp-json\/wp\/v2\/posts\/5813","targetHints":{"allow":["GET"]}}],"collection":[{"href":"https:\/\/corporate.autobiz.com\/it\/wp-json\/wp\/v2\/posts"}],"about":[{"href":"https:\/\/corporate.autobiz.com\/it\/wp-json\/wp\/v2\/types\/post"}],"author":[{"embeddable":true,"href":"https:\/\/corporate.autobiz.com\/it\/wp-json\/wp\/v2\/users\/2"}],"replies":[{"embeddable":true,"href":"https:\/\/corporate.autobiz.com\/it\/wp-json\/wp\/v2\/comments?post=5813"}],"version-history":[{"count":0,"href":"https:\/\/corporate.autobiz.com\/it\/wp-json\/wp\/v2\/posts\/5813\/revisions"}],"wp:attachment":[{"href":"https:\/\/corporate.autobiz.com\/it\/wp-json\/wp\/v2\/media?parent=5813"}],"wp:term":[{"taxonomy":"category","embeddable":true,"href":"https:\/\/corporate.autobiz.com\/it\/wp-json\/wp\/v2\/categories?post=5813"},{"taxonomy":"post_tag","embeddable":true,"href":"https:\/\/corporate.autobiz.com\/it\/wp-json\/wp\/v2\/tags?post=5813"}],"curies":[{"name":"wp","href":"https:\/\/api.w.org\/{rel}","templated":true}]}}