{"id":5664,"date":"2016-04-25T15:53:00","date_gmt":"2016-04-25T13:53:00","guid":{"rendered":"https:\/\/staging-corporate.shakazoola.com\/sin-categorizar\/la-tasacion-autobiz-aterriza-en-brasil\/"},"modified":"2023-04-06T09:05:43","modified_gmt":"2023-04-06T07:05:43","slug":"la-tasacion-autobiz-aterriza-en-brasil","status":"publish","type":"post","link":"https:\/\/corporate.autobiz.com\/es\/comunicado-de-prensa\/la-tasacion-autobiz-aterriza-en-brasil\/","title":{"rendered":"La tasaci\u00f3n autobiz aterriza en Brasil"},"content":{"rendered":"\t\t<div data-elementor-type=\"wp-post\" data-elementor-id=\"5664\" class=\"elementor elementor-5664 elementor-5163\" data-elementor-post-type=\"post\">\n\t\t\t\t\t\t<section class=\"elementor-section elementor-top-section elementor-element elementor-element-5df3d94f elementor-hidden-mobile elementor-section-boxed elementor-section-height-default elementor-section-height-default\" data-id=\"5df3d94f\" data-element_type=\"section\" data-settings=\"{&quot;jet_parallax_layout_list&quot;:[]}\">\n\t\t\t\t\t\t<div class=\"elementor-container elementor-column-gap-default\">\n\t\t\t\t\t<div class=\"elementor-column elementor-col-100 elementor-top-column elementor-element elementor-element-1ae286b3\" data-id=\"1ae286b3\" data-element_type=\"column\">\n\t\t\t<div class=\"elementor-widget-wrap elementor-element-populated\">\n\t\t\t\t\t\t<div class=\"elementor-element elementor-element-6004d898 elementor-widget elementor-widget-breadcrumbs\" data-id=\"6004d898\" data-element_type=\"widget\" data-widget_type=\"breadcrumbs.default\">\n\t\t\t\t<div class=\"elementor-widget-container\">\n\t\t\t\t\t<p id=\"breadcrumbs\"><span><span><a href=\"https:\/\/corporate.autobiz.com\/es\/\">Inicio<\/a><\/span><\/span><\/p>\t\t\t\t<\/div>\n\t\t\t\t<\/div>\n\t\t\t\t\t<\/div>\n\t\t<\/div>\n\t\t\t\t\t<\/div>\n\t\t<\/section>\n\t\t\t\t<section class=\"elementor-section elementor-top-section elementor-element elementor-element-460fbc40 elementor-section-boxed elementor-section-height-default elementor-section-height-default\" data-id=\"460fbc40\" data-element_type=\"section\" data-settings=\"{&quot;jet_parallax_layout_list&quot;:[]}\">\n\t\t\t\t\t\t<div class=\"elementor-container elementor-column-gap-default\">\n\t\t\t\t\t<div class=\"elementor-column elementor-col-100 elementor-top-column elementor-element elementor-element-236fe9ed\" data-id=\"236fe9ed\" data-element_type=\"column\">\n\t\t\t<div class=\"elementor-widget-wrap elementor-element-populated\">\n\t\t\t\t\t\t<div class=\"elementor-element elementor-element-3bba08d0 elementor-widget elementor-widget-text-editor\" data-id=\"3bba08d0\" data-element_type=\"widget\" data-widget_type=\"text-editor.default\">\n\t\t\t\t<div class=\"elementor-widget-container\">\n\t\t\t\t\t\t\t\t\t25 de abril de 2016\t\t\t\t\t\t\t\t<\/div>\n\t\t\t\t<\/div>\n\t\t\t\t<div class=\"elementor-element elementor-element-67f4eedf elementor-widget__width-initial elementor-widget elementor-widget-heading\" data-id=\"67f4eedf\" data-element_type=\"widget\" data-widget_type=\"heading.default\">\n\t\t\t\t<div class=\"elementor-widget-container\">\n\t\t\t\t\t<h1 class=\"elementor-heading-title elementor-size-default\">La tasaci\u00f3n autobiz aterriza en Brasil<\/h1>\t\t\t\t<\/div>\n\t\t\t\t<\/div>\n\t\t\t\t\t<\/div>\n\t\t<\/div>\n\t\t\t\t\t<\/div>\n\t\t<\/section>\n\t\t\t\t<section class=\"elementor-section elementor-top-section elementor-element elementor-element-532938cf elementor-section-content-middle elementor-section-boxed elementor-section-height-default elementor-section-height-default\" data-id=\"532938cf\" data-element_type=\"section\" data-settings=\"{&quot;jet_parallax_layout_list&quot;:[],&quot;background_background&quot;:&quot;classic&quot;}\">\n\t\t\t\t\t\t<div class=\"elementor-container elementor-column-gap-default\">\n\t\t\t\t\t<div class=\"elementor-column elementor-col-100 elementor-top-column elementor-element elementor-element-4dcc5bb3\" data-id=\"4dcc5bb3\" data-element_type=\"column\">\n\t\t\t<div class=\"elementor-widget-wrap elementor-element-populated\">\n\t\t\t\t\t\t<div class=\"elementor-element elementor-element-3f95bf7b elementor-widget__width-initial elementor-widget elementor-widget-text-editor\" data-id=\"3f95bf7b\" data-element_type=\"widget\" data-widget_type=\"text-editor.default\">\n\t\t\t\t<div class=\"elementor-widget-container\">\n\t\t\t\t\t\t\t\t\t<p>Brasil presenta un importante potencial para autobiz. Tras haber empezado con la recopilaci\u00f3n de datos en abril de 2011, la compa\u00f1\u00eda lanza hoy su tasaci\u00f3n para el mercado brasile\u00f1o de veh\u00edculos de ocasi\u00f3n. En un contexto de crisis en Brasil, la demanda de autom\u00f3viles se concentra hoy en d\u00eda en los VO m\u00e1s j\u00f3venes.<\/p>\t\t\t\t\t\t\t\t<\/div>\n\t\t\t\t<\/div>\n\t\t\t\t<div class=\"elementor-element elementor-element-423b937e elementor-widget-divider--view-line elementor-widget elementor-widget-divider\" data-id=\"423b937e\" data-element_type=\"widget\" data-widget_type=\"divider.default\">\n\t\t\t\t<div class=\"elementor-widget-container\">\n\t\t\t\t\t\t\t<div class=\"elementor-divider\">\n\t\t\t<span class=\"elementor-divider-separator\">\n\t\t\t\t\t\t<\/span>\n\t\t<\/div>\n\t\t\t\t\t\t<\/div>\n\t\t\t\t<\/div>\n\t\t\t\t\t<\/div>\n\t\t<\/div>\n\t\t\t\t\t<\/div>\n\t\t<\/section>\n\t\t\t\t<section class=\"elementor-section elementor-top-section elementor-element elementor-element-7c6c17f4 elementor-section-boxed elementor-section-height-default elementor-section-height-default\" data-id=\"7c6c17f4\" data-element_type=\"section\" data-settings=\"{&quot;jet_parallax_layout_list&quot;:[]}\">\n\t\t\t\t\t\t<div class=\"elementor-container elementor-column-gap-default\">\n\t\t\t\t\t<div class=\"elementor-column elementor-col-100 elementor-top-column elementor-element elementor-element-761a1d51\" data-id=\"761a1d51\" data-element_type=\"column\">\n\t\t\t<div class=\"elementor-widget-wrap elementor-element-populated\">\n\t\t\t\t\t\t<div class=\"elementor-element elementor-element-4a4eecf2 elementor-widget elementor-widget-text-editor\" data-id=\"4a4eecf2\" data-element_type=\"widget\" data-widget_type=\"text-editor.default\">\n\t\t\t\t<div class=\"elementor-widget-container\">\n\t\t\t\t\t\t\t\t\t<p>autobiz persigue cubrir los grandes mercados mundiales seg\u00fan la demanda de sus clientes clave. La empresa lanza hoy su tasaci\u00f3n para el mercado brasile\u00f1o de veh\u00edculos de ocasi\u00f3n, tras haber empezado con la recopilaci\u00f3n de datos en abril de 2011.<\/p><p>Brasil presenta un fuerte potencial para autobiz, que ya realiza una recopilaci\u00f3n de precios en los mercados de VO (veh\u00edculos de ocasi\u00f3n) en 25 pa\u00edses. La compa\u00f1\u00eda se encuentra hoy en d\u00eda en la medida de poder ofrecer su tasaci\u00f3n.<\/p>\t\t\t\t\t\t\t\t<\/div>\n\t\t\t\t<\/div>\n\t\t\t\t<section class=\"elementor-section elementor-inner-section elementor-element elementor-element-48d6ef42 elementor-section-boxed elementor-section-height-default elementor-section-height-default\" data-id=\"48d6ef42\" data-element_type=\"section\" data-settings=\"{&quot;jet_parallax_layout_list&quot;:[]}\">\n\t\t\t\t\t\t<div class=\"elementor-container elementor-column-gap-default\">\n\t\t\t\t\t<div class=\"elementor-column elementor-col-50 elementor-inner-column elementor-element elementor-element-382c801c\" data-id=\"382c801c\" data-element_type=\"column\">\n\t\t\t<div class=\"elementor-widget-wrap elementor-element-populated\">\n\t\t\t\t\t\t<div class=\"elementor-element elementor-element-723223b elementor-widget elementor-widget-image\" data-id=\"723223b\" data-element_type=\"widget\" data-widget_type=\"image.default\">\n\t\t\t\t<div class=\"elementor-widget-container\">\n\t\t\t\t\t\t\t\t\t\t\t\t\t\t\t<img decoding=\"async\" width=\"50\" height=\"35\" src=\"https:\/\/corporate.autobiz.com\/wp-content\/uploads\/2022\/07\/testi.svg\" class=\"attachment-large size-large wp-image-1506\" alt=\"\" \/>\t\t\t\t\t\t\t\t\t\t\t\t\t\t\t<\/div>\n\t\t\t\t<\/div>\n\t\t\t\t\t<\/div>\n\t\t<\/div>\n\t\t\t\t<div class=\"elementor-column elementor-col-50 elementor-inner-column elementor-element elementor-element-18dbe330\" data-id=\"18dbe330\" data-element_type=\"column\">\n\t\t\t<div class=\"elementor-widget-wrap elementor-element-populated\">\n\t\t\t\t\t\t<div class=\"elementor-element elementor-element-5ee5bfa6 elementor-widget elementor-widget-text-editor\" data-id=\"5ee5bfa6\" data-element_type=\"widget\" data-widget_type=\"text-editor.default\">\n\t\t\t\t<div class=\"elementor-widget-container\">\n\t\t\t\t\t\t\t\t\t<p>Comenzamos con este proyecto hace 5 a\u00f1os exactamente. Su nivel de madurez es suficiente para arrancar con la comercializaci\u00f3n de nuestros servicios con los profesionales de los VO. Los fabricantes y sus redes de distribuci\u00f3n, los vendedores de VO, as\u00ed como las aseguradoras y los expertos en autom\u00f3viles disponen de una potente herramienta de an\u00e1lisis y ayuda a la toma de decisiones.<\/p>\n\t\t\t\t\t\t\t\t<\/div>\n\t\t\t\t<\/div>\n\t\t\t\t<div class=\"elementor-element elementor-element-35b129dd elementor-widget elementor-widget-text-editor\" data-id=\"35b129dd\" data-element_type=\"widget\" data-widget_type=\"text-editor.default\">\n\t\t\t\t<div class=\"elementor-widget-container\">\n\t\t\t\t\t\t\t\t\t<p>declara Emmanuel Labi, Director General de autobiz.<\/p>\n\t\t\t\t\t\t\t\t<\/div>\n\t\t\t\t<\/div>\n\t\t\t\t\t<\/div>\n\t\t<\/div>\n\t\t\t\t\t<\/div>\n\t\t<\/section>\n\t\t\t\t<div class=\"elementor-element elementor-element-c62df41 elementor-widget elementor-widget-text-editor\" data-id=\"c62df41\" data-element_type=\"widget\" data-widget_type=\"text-editor.default\">\n\t\t\t\t<div class=\"elementor-widget-container\">\n\t\t\t\t\t\t\t\t\t<p>En un contexto de crisis en Brasil, la demanda de autom\u00f3viles se concentra hoy en d\u00eda en los VO recientes. Las matriculaciones de veh\u00edculos nuevos se encuentran en recesi\u00f3n desde hace 3 a\u00f1os. De los 4 millones de unidades de 2012, ha ca\u00eddo a 3,5 millones en 2014 y a 2,6 millones en 2015 (-26,7%)*.<\/p>\n<p>En comparaci\u00f3n, sobre un mercado VO estable en 2015 con cerca de 10 millones de unidades, las ventas de veh\u00edculos de 3 a\u00f1os o menos est\u00e1n conociendo un crecimiento particularmente r\u00e1pido. Han seguido aumentando un 23,8% en el 1er trimestre de 2016, tras una subida del 33,6% en 2015, con cerca de 4 millones de unidades**.<\/p>\n\t\t\t\t\t\t\t\t<\/div>\n\t\t\t\t<\/div>\n\t\t\t\t<section class=\"elementor-section elementor-inner-section elementor-element elementor-element-538f9ab elementor-section-boxed elementor-section-height-default elementor-section-height-default\" data-id=\"538f9ab\" data-element_type=\"section\" data-settings=\"{&quot;jet_parallax_layout_list&quot;:[]}\">\n\t\t\t\t\t\t<div class=\"elementor-container elementor-column-gap-default\">\n\t\t\t\t\t<div class=\"elementor-column elementor-col-50 elementor-inner-column elementor-element elementor-element-2be6362\" data-id=\"2be6362\" data-element_type=\"column\">\n\t\t\t<div class=\"elementor-widget-wrap elementor-element-populated\">\n\t\t\t\t\t\t<div class=\"elementor-element elementor-element-fd6e6f0 elementor-widget elementor-widget-image\" data-id=\"fd6e6f0\" data-element_type=\"widget\" data-widget_type=\"image.default\">\n\t\t\t\t<div class=\"elementor-widget-container\">\n\t\t\t\t\t\t\t\t\t\t\t\t\t\t\t<img decoding=\"async\" width=\"50\" height=\"35\" src=\"https:\/\/corporate.autobiz.com\/wp-content\/uploads\/2022\/07\/testi.svg\" class=\"attachment-large size-large wp-image-1506\" alt=\"\" \/>\t\t\t\t\t\t\t\t\t\t\t\t\t\t\t<\/div>\n\t\t\t\t<\/div>\n\t\t\t\t\t<\/div>\n\t\t<\/div>\n\t\t\t\t<div class=\"elementor-column elementor-col-50 elementor-inner-column elementor-element elementor-element-c3af8a2\" data-id=\"c3af8a2\" data-element_type=\"column\">\n\t\t\t<div class=\"elementor-widget-wrap elementor-element-populated\">\n\t\t\t\t\t\t<div class=\"elementor-element elementor-element-436dd0f elementor-widget elementor-widget-text-editor\" data-id=\"436dd0f\" data-element_type=\"widget\" data-widget_type=\"text-editor.default\">\n\t\t\t\t<div class=\"elementor-widget-container\">\n\t\t\t\t\t\t\t\t\t<p>Un impuesto desfavorable sobre los pr\u00e9stamos al consumo anima a los compradores a recurrir a los VO recientes. Se deprecian menos, lo que reduce el importe de las cuotas a amortizar.<\/p>\t\t\t\t\t\t\t\t<\/div>\n\t\t\t\t<\/div>\n\t\t\t\t<div class=\"elementor-element elementor-element-bf7eda7 elementor-widget elementor-widget-text-editor\" data-id=\"bf7eda7\" data-element_type=\"widget\" data-widget_type=\"text-editor.default\">\n\t\t\t\t<div class=\"elementor-widget-container\">\n\t\t\t\t\t\t\t\t\t<p>se\u00f1ala Emmanuel Labi.<\/p>\n\t\t\t\t\t\t\t\t<\/div>\n\t\t\t\t<\/div>\n\t\t\t\t\t<\/div>\n\t\t<\/div>\n\t\t\t\t\t<\/div>\n\t\t<\/section>\n\t\t\t\t<div class=\"elementor-element elementor-element-764baa6 elementor-widget elementor-widget-text-editor\" data-id=\"764baa6\" data-element_type=\"widget\" data-widget_type=\"text-editor.default\">\n\t\t\t\t<div class=\"elementor-widget-container\">\n\t\t\t\t\t\t\t\t\t<p>Para autobiz, el siguiente paso consistir\u00e1 en desplegar su herramienta autobizMarket a los distribuidores nacionales.\u00a0En Brasil, la compa\u00f1\u00eda tambi\u00e9n ha estado monitoreando el mercado inmobiliario desde 2012.<\/p>\n<p>* Fuente Fenabrave &#8211; ** Fuente Fenauto<\/p>\n\t\t\t\t\t\t\t\t<\/div>\n\t\t\t\t<\/div>\n\t\t\t\t\t<\/div>\n\t\t<\/div>\n\t\t\t\t\t<\/div>\n\t\t<\/section>\n\t\t\t\t<section class=\"elementor-section elementor-top-section elementor-element elementor-element-6dd55345 elementor-section-boxed elementor-section-height-default elementor-section-height-default\" data-id=\"6dd55345\" data-element_type=\"section\" data-settings=\"{&quot;jet_parallax_layout_list&quot;:[]}\">\n\t\t\t\t\t\t<div class=\"elementor-container elementor-column-gap-default\">\n\t\t\t\t\t<div class=\"elementor-column elementor-col-100 elementor-top-column elementor-element elementor-element-7f551ecb\" data-id=\"7f551ecb\" data-element_type=\"column\">\n\t\t\t<div class=\"elementor-widget-wrap elementor-element-populated\">\n\t\t\t\t\t\t<div class=\"elementor-element elementor-element-f787510 elementor-widget elementor-widget-shortcode\" data-id=\"f787510\" data-element_type=\"widget\" data-widget_type=\"shortcode.default\">\n\t\t\t\t<div class=\"elementor-widget-container\">\n\t\t\t\t\t\t\t<div class=\"elementor-shortcode\">\t\t<div data-elementor-type=\"section\" data-elementor-id=\"4210\" class=\"elementor elementor-4210 elementor-2712 elementor-2712\" data-elementor-post-type=\"elementor_library\">\n\t\t\t\t\t<section class=\"elementor-section elementor-top-section elementor-element elementor-element-b8faa43 elementor-section-boxed elementor-section-height-default elementor-section-height-default\" data-id=\"b8faa43\" data-element_type=\"section\" data-settings=\"{&quot;jet_parallax_layout_list&quot;:[]}\">\n\t\t\t\t\t\t<div class=\"elementor-container elementor-column-gap-default\">\n\t\t\t\t\t<div class=\"elementor-column elementor-col-100 elementor-top-column elementor-element elementor-element-d56921c\" data-id=\"d56921c\" data-element_type=\"column\">\n\t\t\t<div class=\"elementor-widget-wrap elementor-element-populated\">\n\t\t\t\t\t\t<div class=\"elementor-element elementor-element-3f76613 elementor-widget elementor-widget-heading\" data-id=\"3f76613\" data-element_type=\"widget\" data-widget_type=\"heading.default\">\n\t\t\t\t<div class=\"elementor-widget-container\">\n\t\t\t\t\t<h4 class=\"elementor-heading-title elementor-size-default\">Sobre autobiz<\/h4>\t\t\t\t<\/div>\n\t\t\t\t<\/div>\n\t\t\t\t<div class=\"elementor-element elementor-element-2bbc700 elementor-widget elementor-widget-text-editor\" data-id=\"2bbc700\" data-element_type=\"widget\" data-widget_type=\"text-editor.default\">\n\t\t\t\t<div class=\"elementor-widget-container\">\n\t\t\t\t\t\t\t\t\t<p>Desde 2004, autobiz acompa\u00f1a a todos los actores de la industria del autom\u00f3vil en Europa con soluciones de tasaci\u00f3n y compraventa. Este acompa\u00f1amiento se basa en 20 a\u00f1os de historia de datos y en los conocimientos web, de software y empresariales de los 280 empleados de la empresa. Hoy en d\u00eda, con sede en La D\u00e9fense (92), autobiz tambi\u00e9n tiene oficinas en Berl\u00edn, Valencia (Espa\u00f1a) y Mil\u00e1n. autobiz presta apoyo a m\u00e1s de 20 l\u00edderes del remarketing de veh\u00edculos de ocasi\u00f3n (fabricantes, bancos, arrendadores, subastadores, etc.), as\u00ed como a 5.000 puntos de venta en 22 pa\u00edses de Europa.<\/p>\t\t\t\t\t\t\t\t<\/div>\n\t\t\t\t<\/div>\n\t\t\t\t\t<\/div>\n\t\t<\/div>\n\t\t\t\t\t<\/div>\n\t\t<\/section>\n\t\t\t\t<section class=\"elementor-section elementor-top-section elementor-element elementor-element-e866364 elementor-section-boxed elementor-section-height-default elementor-section-height-default\" data-id=\"e866364\" data-element_type=\"section\" data-settings=\"{&quot;jet_parallax_layout_list&quot;:[]}\">\n\t\t\t\t\t\t<div class=\"elementor-container elementor-column-gap-default\">\n\t\t\t\t\t<div class=\"elementor-column elementor-col-100 elementor-top-column elementor-element elementor-element-e5a5277\" data-id=\"e5a5277\" data-element_type=\"column\">\n\t\t\t<div class=\"elementor-widget-wrap elementor-element-populated\">\n\t\t\t\t\t\t<div class=\"elementor-element elementor-element-024f141 elementor-widget-divider--view-line elementor-widget elementor-widget-divider\" data-id=\"024f141\" data-element_type=\"widget\" data-widget_type=\"divider.default\">\n\t\t\t\t<div class=\"elementor-widget-container\">\n\t\t\t\t\t\t\t<div class=\"elementor-divider\">\n\t\t\t<span class=\"elementor-divider-separator\">\n\t\t\t\t\t\t<\/span>\n\t\t<\/div>\n\t\t\t\t\t\t<\/div>\n\t\t\t\t<\/div>\n\t\t\t\t\t<\/div>\n\t\t<\/div>\n\t\t\t\t\t<\/div>\n\t\t<\/section>\n\t\t\t\t<section class=\"elementor-section elementor-top-section elementor-element elementor-element-e51e963 elementor-section-boxed elementor-section-height-default elementor-section-height-default\" data-id=\"e51e963\" data-element_type=\"section\" data-settings=\"{&quot;jet_parallax_layout_list&quot;:[]}\">\n\t\t\t\t\t\t<div class=\"elementor-container elementor-column-gap-default\">\n\t\t\t\t\t<div class=\"elementor-column elementor-col-100 elementor-top-column elementor-element elementor-element-e9a263e\" data-id=\"e9a263e\" data-element_type=\"column\">\n\t\t\t<div class=\"elementor-widget-wrap elementor-element-populated\">\n\t\t\t\t\t\t<div class=\"elementor-element elementor-element-b8f7976 elementor-widget elementor-widget-heading\" data-id=\"b8f7976\" data-element_type=\"widget\" data-widget_type=\"heading.default\">\n\t\t\t\t<div class=\"elementor-widget-container\">\n\t\t\t\t\t<h2 class=\"elementor-heading-title elementor-size-default\">Lea tambi\u00e9n<\/h2>\t\t\t\t<\/div>\n\t\t\t\t<\/div>\n\t\t\t\t<div class=\"elementor-element elementor-element-40755c2 communique-carousel overflow-h elementor-widget elementor-widget-jet-posts\" data-id=\"40755c2\" data-element_type=\"widget\" data-settings=\"{&quot;columns_tablet&quot;:&quot;2&quot;,&quot;columns_mobile&quot;:&quot;1&quot;,&quot;columns&quot;:3,&quot;slides_to_scroll&quot;:&quot;1&quot;}\" data-widget_type=\"jet-posts.default\">\n\t\t\t\t<div class=\"elementor-widget-container\">\n\t\t\t\t\t<div class=\"elementor-jet-posts jet-elements\"><div class=\"jet-carousel elementor-slick-slider\" data-slider_options=\"{&quot;autoplaySpeed&quot;:5000,&quot;autoplay&quot;:true,&quot;infinite&quot;:true,&quot;pauseOnHover&quot;:false,&quot;speed&quot;:500,&quot;arrows&quot;:true,&quot;dots&quot;:false,&quot;slidesToScroll&quot;:1,&quot;prevArrow&quot;:&quot;.jet-posts__prev-arrow-40755c2&quot;,&quot;nextArrow&quot;:&quot;.jet-posts__next-arrow-40755c2&quot;,&quot;rtl&quot;:false}\" dir=\"ltr\"><div class=\"jet-posts col-row  jet-equal-cols\"><div class=\"jet-posts__prev-arrow-40755c2 jet-arrow prev-arrow\"><i aria-hidden=\"true\" class=\"fas fa-angle-left\"><\/i><\/div><div class=\"jet-posts__next-arrow-40755c2 jet-arrow next-arrow\"><i aria-hidden=\"true\" class=\"fas fa-angle-right\"><\/i><\/div><div class=\"jet-posts__item\">\n\t<div class=\"jet-posts__inner-box\"><div class=\"jet-posts__inner-content\"><h4 class=\"entry-title\"><a href=\"https:\/\/corporate.autobiz.com\/es\/comunicado-de-prensa\/point-s-elige-a-autobizmarket-para-equipar-toda-su-red-de-venta-de-automoviles\/\" target=\"\">Point S elige a autobizMarket para equipar toda su red de venta de autom\u00f3viles<\/a><\/h4><div class=\"post-meta\"><span class=\"post__date post-meta__item\"><a href=\"https:\/\/corporate.autobiz.com\/es\/2026\/04\/20\/\"  class=\"post__date-link\" ><time datetime=\"2026-04-20T17:01:24+02:00\" title=\"2026-04-20T17:01:24+02:00\">20 de abril de 2026<\/time><\/a><\/span><\/div><div class=\"entry-excerpt\">autobiz, l\u00edder europeo en valoraci\u00f3n de autom\u00f3viles y soluciones de datos para profesionales, anuncia la firma de una alianza estrat\u00e9gica&hellip;<\/div><div class=\"jet-more-wrap\"><a href=\"https:\/\/corporate.autobiz.com\/es\/comunicado-de-prensa\/point-s-elige-a-autobizmarket-para-equipar-toda-su-red-de-venta-de-automoviles\/\" class=\"btn btn-primary elementor-button elementor-size-md jet-more\" target=\"\"><span class=\"btn__text\">En savoir plus<\/span><span class=\"jet-elements-icon jet-more-icon\"><i aria-hidden=\"true\" class=\"fas fa-caret-right\"><\/i><\/span><\/a><\/div><\/div><\/div>\n<\/div>\n<div class=\"jet-posts__item\">\n\t<div class=\"jet-posts__inner-box\"><div class=\"jet-posts__inner-content\"><h4 class=\"entry-title\"><a href=\"https:\/\/corporate.autobiz.com\/es\/comunicado-de-prensa\/la-nueva-version-de-autobizsistemavo-se-lanza-en-espana-con-una-interfaz-redisenada-y-uncionalidades-especificas-para-el-mercado\/\" target=\"\">La nueva versi\u00f3n de autobizSistemaVO se lanza en Espa\u00f1a con una interfaz redise\u00f1ada y uncionalidades espec\u00edficas para el mercado<\/a><\/h4><div class=\"post-meta\"><span class=\"post__date post-meta__item\"><a href=\"https:\/\/corporate.autobiz.com\/es\/2026\/02\/11\/\"  class=\"post__date-link\" ><time datetime=\"2026-02-11T17:03:32+01:00\" title=\"2026-02-11T17:03:32+01:00\">11 de febrero de 2026<\/time><\/a><\/span><\/div><div class=\"entry-excerpt\">autobiz anuncia el despliegue de la nueva versi\u00f3n de autobizSistemaVO, la versi\u00f3n espa\u00f1ola de autobizMarket, una de las soluciones emblem\u00e1ticas&hellip;<\/div><div class=\"jet-more-wrap\"><a href=\"https:\/\/corporate.autobiz.com\/es\/comunicado-de-prensa\/la-nueva-version-de-autobizsistemavo-se-lanza-en-espana-con-una-interfaz-redisenada-y-uncionalidades-especificas-para-el-mercado\/\" class=\"btn btn-primary elementor-button elementor-size-md jet-more\" target=\"\"><span class=\"btn__text\">En savoir plus<\/span><span class=\"jet-elements-icon jet-more-icon\"><i aria-hidden=\"true\" class=\"fas fa-caret-right\"><\/i><\/span><\/a><\/div><\/div><\/div>\n<\/div>\n<div class=\"jet-posts__item\">\n\t<div class=\"jet-posts__inner-box\"><div class=\"jet-posts__inner-content\"><h4 class=\"entry-title\"><a href=\"https:\/\/corporate.autobiz.com\/es\/comunicado-de-prensa\/firma-de-consultoria-del-ano-autobiz-fue-galardonada-por-autobiznext-la-solucion-que-redefine-la-gestion-del-valor-residual-en-europa\/\" target=\"\">Firma de consultor\u00eda del a\u00f1o: autobiz fue galardonada por autobiznext, la soluci\u00f3n que redefine la gesti\u00f3n del valor residual en europa<\/a><\/h4><div class=\"post-meta\"><span class=\"post__date post-meta__item\"><a href=\"https:\/\/corporate.autobiz.com\/es\/2025\/11\/12\/\"  class=\"post__date-link\" ><time datetime=\"2025-11-12T13:45:51+01:00\" title=\"2025-11-12T13:45:51+01:00\">12 de noviembre de 2025<\/time><\/a><\/span><\/div><div class=\"entry-excerpt\">autobiz fue galardonada con el t\u00edtulo de \u201cFirma de Consultor\u00eda del A\u00f1o\u201d en los Premios GlobalData Automotive Europe 2025 en&hellip;<\/div><div class=\"jet-more-wrap\"><a href=\"https:\/\/corporate.autobiz.com\/es\/comunicado-de-prensa\/firma-de-consultoria-del-ano-autobiz-fue-galardonada-por-autobiznext-la-solucion-que-redefine-la-gestion-del-valor-residual-en-europa\/\" class=\"btn btn-primary elementor-button elementor-size-md jet-more\" target=\"\"><span class=\"btn__text\">En savoir plus<\/span><span class=\"jet-elements-icon jet-more-icon\"><i aria-hidden=\"true\" class=\"fas fa-caret-right\"><\/i><\/span><\/a><\/div><\/div><\/div>\n<\/div>\n<div class=\"jet-posts__item\">\n\t<div class=\"jet-posts__inner-box\"><div class=\"jet-posts__inner-content\"><h4 class=\"entry-title\"><a href=\"https:\/\/corporate.autobiz.com\/es\/comunicado-de-prensa\/en-cours-de-test-avance-chez-stellantis-carcheck-ai-promet-de-faire-gagner-jusqua-3-semaines-lors-du-defleet-dun-vehicule-2\/\" target=\"\">Actualmente en la fase final con Stellantis, Carcheck.ai promete ahorrar hasta 3 semanas durante el proceso de defleet de un veh\u00edculo<\/a><\/h4><div class=\"post-meta\"><span class=\"post__date post-meta__item\"><a href=\"https:\/\/corporate.autobiz.com\/es\/2025\/10\/21\/\"  class=\"post__date-link\" ><time datetime=\"2025-10-21T09:00:00+02:00\" title=\"2025-10-21T09:00:00+02:00\">21 de octubre de 2025<\/time><\/a><\/span><\/div><div class=\"entry-excerpt\">autobiz da un nuevo paso adelante en la automatizaci\u00f3n de las tasaciones y la digitalizaci\u00f3n del remarketing. Basada en la&hellip;<\/div><div class=\"jet-more-wrap\"><a href=\"https:\/\/corporate.autobiz.com\/es\/comunicado-de-prensa\/en-cours-de-test-avance-chez-stellantis-carcheck-ai-promet-de-faire-gagner-jusqua-3-semaines-lors-du-defleet-dun-vehicule-2\/\" class=\"btn btn-primary elementor-button elementor-size-md jet-more\" target=\"\"><span class=\"btn__text\">En savoir plus<\/span><span class=\"jet-elements-icon jet-more-icon\"><i aria-hidden=\"true\" class=\"fas fa-caret-right\"><\/i><\/span><\/a><\/div><\/div><\/div>\n<\/div>\n<div class=\"jet-posts__item\">\n\t<div class=\"jet-posts__inner-box\"><div class=\"jet-posts__inner-content\"><h4 class=\"entry-title\"><a href=\"https:\/\/corporate.autobiz.com\/es\/comunicado-de-prensa\/gracias-a-su-nueva-alianza-europea-con-jato-dynamics-autobiz-refuerza-su-colaboracion-con-europcar-mobility-group\/\" target=\"\">Gracias a su nueva alianza europea con JATO Dynamics, autobiz refuerza su colaboraci\u00f3n con Europcar Mobility Group<\/a><\/h4><div class=\"post-meta\"><span class=\"post__date post-meta__item\"><a href=\"https:\/\/corporate.autobiz.com\/es\/2025\/06\/05\/\"  class=\"post__date-link\" ><time datetime=\"2025-06-05T13:36:45+02:00\" title=\"2025-06-05T13:36:45+02:00\">5 de junio de 2025<\/time><\/a><\/span><\/div><div class=\"entry-excerpt\">autobiz confirma su liderazgo en el mercado de la valoraci\u00f3n de veh\u00edculos de ocasi\u00f3n con una nueva soluci\u00f3n de identificaci\u00f3n&hellip;<\/div><div class=\"jet-more-wrap\"><a href=\"https:\/\/corporate.autobiz.com\/es\/comunicado-de-prensa\/gracias-a-su-nueva-alianza-europea-con-jato-dynamics-autobiz-refuerza-su-colaboracion-con-europcar-mobility-group\/\" class=\"btn btn-primary elementor-button elementor-size-md jet-more\" target=\"\"><span class=\"btn__text\">En savoir plus<\/span><span class=\"jet-elements-icon jet-more-icon\"><i aria-hidden=\"true\" class=\"fas fa-caret-right\"><\/i><\/span><\/a><\/div><\/div><\/div>\n<\/div>\n<div class=\"jet-posts__item\">\n\t<div class=\"jet-posts__inner-box\"><div class=\"jet-posts__inner-content\"><h4 class=\"entry-title\"><a href=\"https:\/\/corporate.autobiz.com\/es\/comunicado-de-prensa\/autobizpilot-la-primera-herramienta-para-automatizar-y-controlar-los-precios-y-margenes-b2b\/\" target=\"\">AUTOBIZPILOT, LA PRIMERA HERRAMIENTA PARA AUTOMATIZAR Y CONTROLAR LOS PRECIOS Y M\u00c1RGENES B2B<\/a><\/h4><div class=\"post-meta\"><span class=\"post__date post-meta__item\"><a href=\"https:\/\/corporate.autobiz.com\/es\/2025\/05\/20\/\"  class=\"post__date-link\" ><time datetime=\"2025-05-20T11:32:32+02:00\" title=\"2025-05-20T11:32:32+02:00\">20 de mayo de 2025<\/time><\/a><\/span><\/div><div class=\"entry-excerpt\">Gracias a su enfoque inteligente y automatizado, autobizPilot es el primer servicio que permite a los remarketers del sector de&hellip;<\/div><div class=\"jet-more-wrap\"><a href=\"https:\/\/corporate.autobiz.com\/es\/comunicado-de-prensa\/autobizpilot-la-primera-herramienta-para-automatizar-y-controlar-los-precios-y-margenes-b2b\/\" class=\"btn btn-primary elementor-button elementor-size-md jet-more\" target=\"\"><span class=\"btn__text\">En savoir plus<\/span><span class=\"jet-elements-icon jet-more-icon\"><i aria-hidden=\"true\" class=\"fas fa-caret-right\"><\/i><\/span><\/a><\/div><\/div><\/div>\n<\/div>\n<\/div>\n<\/div><\/div>\t\t\t\t<\/div>\n\t\t\t\t<\/div>\n\t\t\t\t<div class=\"elementor-element elementor-element-bde37e8 elementor-align-center elementor-widget-mobile__width-initial elementor-widget elementor-widget-button\" data-id=\"bde37e8\" data-element_type=\"widget\" data-widget_type=\"button.default\">\n\t\t\t\t<div class=\"elementor-widget-container\">\n\t\t\t\t\t\t\t\t\t<div class=\"elementor-button-wrapper\">\n\t\t\t\t\t<a class=\"elementor-button elementor-button-link elementor-size-sm\" href=\"https:\/\/corporate.autobiz.com\/nos-actualites\/nos-communiques\/\">\n\t\t\t\t\t\t<span class=\"elementor-button-content-wrapper\">\n\t\t\t\t\t\t\t\t\t<span class=\"elementor-button-text\">Todos nuestros bar\u00f3metros<\/span>\n\t\t\t\t\t<\/span>\n\t\t\t\t\t<\/a>\n\t\t\t\t<\/div>\n\t\t\t\t\t\t\t\t<\/div>\n\t\t\t\t<\/div>\n\t\t\t\t\t<\/div>\n\t\t<\/div>\n\t\t\t\t\t<\/div>\n\t\t<\/section>\n\t\t\t\t<\/div>\n\t\t<\/div>\n\t\t\t\t\t\t<\/div>\n\t\t\t\t<\/div>\n\t\t\t\t\t<\/div>\n\t\t<\/div>\n\t\t\t\t\t<\/div>\n\t\t<\/section>\n\t\t\t\t<\/div>\n\t\t","protected":false},"excerpt":{"rendered":"<p>Brasil presenta un importante potencial para autobiz. Tras haber empezado con la recopilaci\u00f3n de datos en abril de 2011, la compa\u00f1\u00eda lanza hoy su tasaci\u00f3n para el mercado brasile\u00f1o de veh\u00edculos de ocasi\u00f3n. En un contexto de crisis en Brasil, la demanda de autom\u00f3viles se concentra hoy en d\u00eda en los VO recientes.<\/p>\n","protected":false},"author":2,"featured_media":0,"comment_status":"closed","ping_status":"closed","sticky":false,"template":"","format":"standard","meta":{"footnotes":""},"categories":[57],"tags":[],"class_list":["post-5664","post","type-post","status-publish","format-standard","hentry","category-comunicado-de-prensa"],"yoast_head":"<!-- This site is optimized with the Yoast SEO plugin v27.5 - https:\/\/yoast.com\/product\/yoast-seo-wordpress\/ -->\n<title>La tasaci\u00f3n autobiz aterriza en Brasil<\/title>\n<meta name=\"robots\" content=\"index, follow, max-snippet:-1, max-image-preview:large, max-video-preview:-1\" \/>\n<link rel=\"canonical\" href=\"https:\/\/corporate.autobiz.com\/es\/comunicado-de-prensa\/la-tasacion-autobiz-aterriza-en-brasil\/\" \/>\n<meta property=\"og:locale\" content=\"es_ES\" \/>\n<meta property=\"og:type\" content=\"article\" \/>\n<meta property=\"og:title\" content=\"La tasaci\u00f3n autobiz aterriza en Brasil\" \/>\n<meta property=\"og:description\" content=\"Brasil presenta un importante potencial para autobiz. Tras haber empezado con la recopilaci\u00f3n de datos en abril de 2011, la compa\u00f1\u00eda lanza hoy su tasaci\u00f3n para el mercado brasile\u00f1o de veh\u00edculos de ocasi\u00f3n. En un contexto de crisis en Brasil, la demanda de autom\u00f3viles se concentra hoy en d\u00eda en los VO recientes.\" \/>\n<meta property=\"og:url\" content=\"https:\/\/corporate.autobiz.com\/es\/comunicado-de-prensa\/la-tasacion-autobiz-aterriza-en-brasil\/\" \/>\n<meta property=\"og:site_name\" content=\"autobiz Corporate\" \/>\n<meta property=\"article:published_time\" content=\"2016-04-25T13:53:00+00:00\" \/>\n<meta property=\"article:modified_time\" content=\"2023-04-06T07:05:43+00:00\" \/>\n<meta property=\"og:image\" content=\"https:\/\/corporate.autobiz.com\/wp-content\/uploads\/2022\/07\/testi.svg\" \/>\n<meta name=\"author\" content=\"solene\" \/>\n<meta name=\"twitter:card\" content=\"summary_large_image\" \/>\n<meta name=\"twitter:label1\" content=\"Escrito por\" \/>\n\t<meta name=\"twitter:data1\" content=\"solene\" \/>\n\t<meta name=\"twitter:label2\" content=\"Tiempo de lectura\" \/>\n\t<meta name=\"twitter:data2\" content=\"9 minutos\" \/>\n<script type=\"application\/ld+json\" class=\"yoast-schema-graph\">{\"@context\":\"https:\\\/\\\/schema.org\",\"@graph\":[{\"@type\":\"Article\",\"@id\":\"https:\\\/\\\/corporate.autobiz.com\\\/es\\\/comunicado-de-prensa\\\/la-tasacion-autobiz-aterriza-en-brasil\\\/#article\",\"isPartOf\":{\"@id\":\"https:\\\/\\\/corporate.autobiz.com\\\/es\\\/comunicado-de-prensa\\\/la-tasacion-autobiz-aterriza-en-brasil\\\/\"},\"author\":{\"name\":\"solene\",\"@id\":\"https:\\\/\\\/corporate.autobiz.com\\\/es\\\/#\\\/schema\\\/person\\\/9ae4aeeb57b606ec639da21578da0ae6\"},\"headline\":\"La tasaci\u00f3n autobiz aterriza en Brasil\",\"datePublished\":\"2016-04-25T13:53:00+00:00\",\"dateModified\":\"2023-04-06T07:05:43+00:00\",\"mainEntityOfPage\":{\"@id\":\"https:\\\/\\\/corporate.autobiz.com\\\/es\\\/comunicado-de-prensa\\\/la-tasacion-autobiz-aterriza-en-brasil\\\/\"},\"wordCount\":413,\"publisher\":{\"@id\":\"https:\\\/\\\/corporate.autobiz.com\\\/es\\\/#organization\"},\"image\":{\"@id\":\"https:\\\/\\\/corporate.autobiz.com\\\/es\\\/comunicado-de-prensa\\\/la-tasacion-autobiz-aterriza-en-brasil\\\/#primaryimage\"},\"thumbnailUrl\":\"https:\\\/\\\/corporate.autobiz.com\\\/wp-content\\\/uploads\\\/2022\\\/07\\\/testi.svg\",\"articleSection\":[\"Comunicado de prensa\"],\"inLanguage\":\"es\"},{\"@type\":\"WebPage\",\"@id\":\"https:\\\/\\\/corporate.autobiz.com\\\/es\\\/comunicado-de-prensa\\\/la-tasacion-autobiz-aterriza-en-brasil\\\/\",\"url\":\"https:\\\/\\\/corporate.autobiz.com\\\/es\\\/comunicado-de-prensa\\\/la-tasacion-autobiz-aterriza-en-brasil\\\/\",\"name\":\"La tasaci\u00f3n autobiz aterriza en Brasil\",\"isPartOf\":{\"@id\":\"https:\\\/\\\/corporate.autobiz.com\\\/es\\\/#website\"},\"primaryImageOfPage\":{\"@id\":\"https:\\\/\\\/corporate.autobiz.com\\\/es\\\/comunicado-de-prensa\\\/la-tasacion-autobiz-aterriza-en-brasil\\\/#primaryimage\"},\"image\":{\"@id\":\"https:\\\/\\\/corporate.autobiz.com\\\/es\\\/comunicado-de-prensa\\\/la-tasacion-autobiz-aterriza-en-brasil\\\/#primaryimage\"},\"thumbnailUrl\":\"https:\\\/\\\/corporate.autobiz.com\\\/wp-content\\\/uploads\\\/2022\\\/07\\\/testi.svg\",\"datePublished\":\"2016-04-25T13:53:00+00:00\",\"dateModified\":\"2023-04-06T07:05:43+00:00\",\"breadcrumb\":{\"@id\":\"https:\\\/\\\/corporate.autobiz.com\\\/es\\\/comunicado-de-prensa\\\/la-tasacion-autobiz-aterriza-en-brasil\\\/#breadcrumb\"},\"inLanguage\":\"es\",\"potentialAction\":[{\"@type\":\"ReadAction\",\"target\":[\"https:\\\/\\\/corporate.autobiz.com\\\/es\\\/comunicado-de-prensa\\\/la-tasacion-autobiz-aterriza-en-brasil\\\/\"]}]},{\"@type\":\"ImageObject\",\"inLanguage\":\"es\",\"@id\":\"https:\\\/\\\/corporate.autobiz.com\\\/es\\\/comunicado-de-prensa\\\/la-tasacion-autobiz-aterriza-en-brasil\\\/#primaryimage\",\"url\":\"https:\\\/\\\/corporate.autobiz.com\\\/wp-content\\\/uploads\\\/2022\\\/07\\\/testi.svg\",\"contentUrl\":\"https:\\\/\\\/corporate.autobiz.com\\\/wp-content\\\/uploads\\\/2022\\\/07\\\/testi.svg\"},{\"@type\":\"BreadcrumbList\",\"@id\":\"https:\\\/\\\/corporate.autobiz.com\\\/es\\\/comunicado-de-prensa\\\/la-tasacion-autobiz-aterriza-en-brasil\\\/#breadcrumb\",\"itemListElement\":[{\"@type\":\"ListItem\",\"position\":1,\"name\":\"Inicio\",\"item\":\"https:\\\/\\\/corporate.autobiz.com\\\/es\\\/\"},{\"@type\":\"ListItem\",\"position\":2,\"name\":\"Comunicado de prensa\",\"item\":\"https:\\\/\\\/corporate.autobiz.com\\\/es\\\/category\\\/comunicado-de-prensa\\\/\"},{\"@type\":\"ListItem\",\"position\":3,\"name\":\"La tasaci\u00f3n autobiz aterriza en Brasil\"}]},{\"@type\":\"WebSite\",\"@id\":\"https:\\\/\\\/corporate.autobiz.com\\\/es\\\/#website\",\"url\":\"https:\\\/\\\/corporate.autobiz.com\\\/es\\\/\",\"name\":\"autobiz Corporate\",\"description\":\"Leader europ\u00e9en de la cotation automobile et de la reprise\",\"publisher\":{\"@id\":\"https:\\\/\\\/corporate.autobiz.com\\\/es\\\/#organization\"},\"potentialAction\":[{\"@type\":\"SearchAction\",\"target\":{\"@type\":\"EntryPoint\",\"urlTemplate\":\"https:\\\/\\\/corporate.autobiz.com\\\/es\\\/?s={search_term_string}\"},\"query-input\":{\"@type\":\"PropertyValueSpecification\",\"valueRequired\":true,\"valueName\":\"search_term_string\"}}],\"inLanguage\":\"es\"},{\"@type\":\"Organization\",\"@id\":\"https:\\\/\\\/corporate.autobiz.com\\\/es\\\/#organization\",\"name\":\"autobiz Corporate\",\"url\":\"https:\\\/\\\/corporate.autobiz.com\\\/es\\\/\",\"logo\":{\"@type\":\"ImageObject\",\"inLanguage\":\"es\",\"@id\":\"https:\\\/\\\/corporate.autobiz.com\\\/es\\\/#\\\/schema\\\/logo\\\/image\\\/\",\"url\":\"https:\\\/\\\/corporate.autobiz.com\\\/wp-content\\\/uploads\\\/2022\\\/07\\\/logo-autobiz.png\",\"contentUrl\":\"https:\\\/\\\/corporate.autobiz.com\\\/wp-content\\\/uploads\\\/2022\\\/07\\\/logo-autobiz.png\",\"width\":320,\"height\":76,\"caption\":\"autobiz Corporate\"},\"image\":{\"@id\":\"https:\\\/\\\/corporate.autobiz.com\\\/es\\\/#\\\/schema\\\/logo\\\/image\\\/\"}},{\"@type\":\"Person\",\"@id\":\"https:\\\/\\\/corporate.autobiz.com\\\/es\\\/#\\\/schema\\\/person\\\/9ae4aeeb57b606ec639da21578da0ae6\",\"name\":\"solene\",\"image\":{\"@type\":\"ImageObject\",\"inLanguage\":\"es\",\"@id\":\"https:\\\/\\\/secure.gravatar.com\\\/avatar\\\/8d51eb61b9ec15233721a8008decd5047bf06b8e454fb4c7fb3435f71edd3303?s=96&d=mm&r=g\",\"url\":\"https:\\\/\\\/secure.gravatar.com\\\/avatar\\\/8d51eb61b9ec15233721a8008decd5047bf06b8e454fb4c7fb3435f71edd3303?s=96&d=mm&r=g\",\"contentUrl\":\"https:\\\/\\\/secure.gravatar.com\\\/avatar\\\/8d51eb61b9ec15233721a8008decd5047bf06b8e454fb4c7fb3435f71edd3303?s=96&d=mm&r=g\",\"caption\":\"solene\"}}]}<\/script>\n<!-- \/ Yoast SEO plugin. -->","yoast_head_json":{"title":"La tasaci\u00f3n autobiz aterriza en Brasil","robots":{"index":"index","follow":"follow","max-snippet":"max-snippet:-1","max-image-preview":"max-image-preview:large","max-video-preview":"max-video-preview:-1"},"canonical":"https:\/\/corporate.autobiz.com\/es\/comunicado-de-prensa\/la-tasacion-autobiz-aterriza-en-brasil\/","og_locale":"es_ES","og_type":"article","og_title":"La tasaci\u00f3n autobiz aterriza en Brasil","og_description":"Brasil presenta un importante potencial para autobiz. Tras haber empezado con la recopilaci\u00f3n de datos en abril de 2011, la compa\u00f1\u00eda lanza hoy su tasaci\u00f3n para el mercado brasile\u00f1o de veh\u00edculos de ocasi\u00f3n. En un contexto de crisis en Brasil, la demanda de autom\u00f3viles se concentra hoy en d\u00eda en los VO recientes.","og_url":"https:\/\/corporate.autobiz.com\/es\/comunicado-de-prensa\/la-tasacion-autobiz-aterriza-en-brasil\/","og_site_name":"autobiz Corporate","article_published_time":"2016-04-25T13:53:00+00:00","article_modified_time":"2023-04-06T07:05:43+00:00","og_image":[{"url":"https:\/\/corporate.autobiz.com\/wp-content\/uploads\/2022\/07\/testi.svg","type":"","width":"","height":""}],"author":"solene","twitter_card":"summary_large_image","twitter_misc":{"Escrito por":"solene","Tiempo de lectura":"9 minutos"},"schema":{"@context":"https:\/\/schema.org","@graph":[{"@type":"Article","@id":"https:\/\/corporate.autobiz.com\/es\/comunicado-de-prensa\/la-tasacion-autobiz-aterriza-en-brasil\/#article","isPartOf":{"@id":"https:\/\/corporate.autobiz.com\/es\/comunicado-de-prensa\/la-tasacion-autobiz-aterriza-en-brasil\/"},"author":{"name":"solene","@id":"https:\/\/corporate.autobiz.com\/es\/#\/schema\/person\/9ae4aeeb57b606ec639da21578da0ae6"},"headline":"La tasaci\u00f3n autobiz aterriza en Brasil","datePublished":"2016-04-25T13:53:00+00:00","dateModified":"2023-04-06T07:05:43+00:00","mainEntityOfPage":{"@id":"https:\/\/corporate.autobiz.com\/es\/comunicado-de-prensa\/la-tasacion-autobiz-aterriza-en-brasil\/"},"wordCount":413,"publisher":{"@id":"https:\/\/corporate.autobiz.com\/es\/#organization"},"image":{"@id":"https:\/\/corporate.autobiz.com\/es\/comunicado-de-prensa\/la-tasacion-autobiz-aterriza-en-brasil\/#primaryimage"},"thumbnailUrl":"https:\/\/corporate.autobiz.com\/wp-content\/uploads\/2022\/07\/testi.svg","articleSection":["Comunicado de prensa"],"inLanguage":"es"},{"@type":"WebPage","@id":"https:\/\/corporate.autobiz.com\/es\/comunicado-de-prensa\/la-tasacion-autobiz-aterriza-en-brasil\/","url":"https:\/\/corporate.autobiz.com\/es\/comunicado-de-prensa\/la-tasacion-autobiz-aterriza-en-brasil\/","name":"La tasaci\u00f3n autobiz aterriza en Brasil","isPartOf":{"@id":"https:\/\/corporate.autobiz.com\/es\/#website"},"primaryImageOfPage":{"@id":"https:\/\/corporate.autobiz.com\/es\/comunicado-de-prensa\/la-tasacion-autobiz-aterriza-en-brasil\/#primaryimage"},"image":{"@id":"https:\/\/corporate.autobiz.com\/es\/comunicado-de-prensa\/la-tasacion-autobiz-aterriza-en-brasil\/#primaryimage"},"thumbnailUrl":"https:\/\/corporate.autobiz.com\/wp-content\/uploads\/2022\/07\/testi.svg","datePublished":"2016-04-25T13:53:00+00:00","dateModified":"2023-04-06T07:05:43+00:00","breadcrumb":{"@id":"https:\/\/corporate.autobiz.com\/es\/comunicado-de-prensa\/la-tasacion-autobiz-aterriza-en-brasil\/#breadcrumb"},"inLanguage":"es","potentialAction":[{"@type":"ReadAction","target":["https:\/\/corporate.autobiz.com\/es\/comunicado-de-prensa\/la-tasacion-autobiz-aterriza-en-brasil\/"]}]},{"@type":"ImageObject","inLanguage":"es","@id":"https:\/\/corporate.autobiz.com\/es\/comunicado-de-prensa\/la-tasacion-autobiz-aterriza-en-brasil\/#primaryimage","url":"https:\/\/corporate.autobiz.com\/wp-content\/uploads\/2022\/07\/testi.svg","contentUrl":"https:\/\/corporate.autobiz.com\/wp-content\/uploads\/2022\/07\/testi.svg"},{"@type":"BreadcrumbList","@id":"https:\/\/corporate.autobiz.com\/es\/comunicado-de-prensa\/la-tasacion-autobiz-aterriza-en-brasil\/#breadcrumb","itemListElement":[{"@type":"ListItem","position":1,"name":"Inicio","item":"https:\/\/corporate.autobiz.com\/es\/"},{"@type":"ListItem","position":2,"name":"Comunicado de prensa","item":"https:\/\/corporate.autobiz.com\/es\/category\/comunicado-de-prensa\/"},{"@type":"ListItem","position":3,"name":"La tasaci\u00f3n autobiz aterriza en Brasil"}]},{"@type":"WebSite","@id":"https:\/\/corporate.autobiz.com\/es\/#website","url":"https:\/\/corporate.autobiz.com\/es\/","name":"autobiz Corporate","description":"Leader europ\u00e9en de la cotation automobile et de la reprise","publisher":{"@id":"https:\/\/corporate.autobiz.com\/es\/#organization"},"potentialAction":[{"@type":"SearchAction","target":{"@type":"EntryPoint","urlTemplate":"https:\/\/corporate.autobiz.com\/es\/?s={search_term_string}"},"query-input":{"@type":"PropertyValueSpecification","valueRequired":true,"valueName":"search_term_string"}}],"inLanguage":"es"},{"@type":"Organization","@id":"https:\/\/corporate.autobiz.com\/es\/#organization","name":"autobiz Corporate","url":"https:\/\/corporate.autobiz.com\/es\/","logo":{"@type":"ImageObject","inLanguage":"es","@id":"https:\/\/corporate.autobiz.com\/es\/#\/schema\/logo\/image\/","url":"https:\/\/corporate.autobiz.com\/wp-content\/uploads\/2022\/07\/logo-autobiz.png","contentUrl":"https:\/\/corporate.autobiz.com\/wp-content\/uploads\/2022\/07\/logo-autobiz.png","width":320,"height":76,"caption":"autobiz Corporate"},"image":{"@id":"https:\/\/corporate.autobiz.com\/es\/#\/schema\/logo\/image\/"}},{"@type":"Person","@id":"https:\/\/corporate.autobiz.com\/es\/#\/schema\/person\/9ae4aeeb57b606ec639da21578da0ae6","name":"solene","image":{"@type":"ImageObject","inLanguage":"es","@id":"https:\/\/secure.gravatar.com\/avatar\/8d51eb61b9ec15233721a8008decd5047bf06b8e454fb4c7fb3435f71edd3303?s=96&d=mm&r=g","url":"https:\/\/secure.gravatar.com\/avatar\/8d51eb61b9ec15233721a8008decd5047bf06b8e454fb4c7fb3435f71edd3303?s=96&d=mm&r=g","contentUrl":"https:\/\/secure.gravatar.com\/avatar\/8d51eb61b9ec15233721a8008decd5047bf06b8e454fb4c7fb3435f71edd3303?s=96&d=mm&r=g","caption":"solene"}}]}},"_links":{"self":[{"href":"https:\/\/corporate.autobiz.com\/es\/wp-json\/wp\/v2\/posts\/5664","targetHints":{"allow":["GET"]}}],"collection":[{"href":"https:\/\/corporate.autobiz.com\/es\/wp-json\/wp\/v2\/posts"}],"about":[{"href":"https:\/\/corporate.autobiz.com\/es\/wp-json\/wp\/v2\/types\/post"}],"author":[{"embeddable":true,"href":"https:\/\/corporate.autobiz.com\/es\/wp-json\/wp\/v2\/users\/2"}],"replies":[{"embeddable":true,"href":"https:\/\/corporate.autobiz.com\/es\/wp-json\/wp\/v2\/comments?post=5664"}],"version-history":[{"count":0,"href":"https:\/\/corporate.autobiz.com\/es\/wp-json\/wp\/v2\/posts\/5664\/revisions"}],"wp:attachment":[{"href":"https:\/\/corporate.autobiz.com\/es\/wp-json\/wp\/v2\/media?parent=5664"}],"wp:term":[{"taxonomy":"category","embeddable":true,"href":"https:\/\/corporate.autobiz.com\/es\/wp-json\/wp\/v2\/categories?post=5664"},{"taxonomy":"post_tag","embeddable":true,"href":"https:\/\/corporate.autobiz.com\/es\/wp-json\/wp\/v2\/tags?post=5664"}],"curies":[{"name":"wp","href":"https:\/\/api.w.org\/{rel}","templated":true}]}}